{"id":6633,"date":"2024-03-09T18:12:16","date_gmt":"2024-03-09T17:12:16","guid":{"rendered":"https:\/\/agora.xtec.cat\/ceip-jrj\/?p=6633"},"modified":"2024-03-09T18:12:16","modified_gmt":"2024-03-09T17:12:16","slug":"per-un-mon-on-siguem-socialment-iguals","status":"publish","type":"post","link":"https:\/\/agora.xtec.cat\/ceip-jrj\/general\/per-un-mon-on-siguem-socialment-iguals\/","title":{"rendered":"Per un m\u00f3n on siguem socialment iguals!"},"content":{"rendered":"<p><a href=\"https:\/\/agora.xtec.cat\/ceip-jrj\/wp-content\/uploads\/usu280\/2024\/03\/2nA12-scaled.jpg\"><img loading=\"lazy\" decoding=\"async\" class=\"wp-image-6635 alignleft\" src=\"https:\/\/agora.xtec.cat\/ceip-jrj\/wp-content\/uploads\/usu280\/2024\/03\/2nA12-1024x841.jpg\" alt=\"\" width=\"163\" height=\"134\" srcset=\"https:\/\/agora.xtec.cat\/ceip-jrj\/wp-content\/uploads\/usu280\/2024\/03\/2nA12-1024x841.jpg 1024w, https:\/\/agora.xtec.cat\/ceip-jrj\/wp-content\/uploads\/usu280\/2024\/03\/2nA12-300x246.jpg 300w, https:\/\/agora.xtec.cat\/ceip-jrj\/wp-content\/uploads\/usu280\/2024\/03\/2nA12-768x631.jpg 768w, https:\/\/agora.xtec.cat\/ceip-jrj\/wp-content\/uploads\/usu280\/2024\/03\/2nA12-1536x1261.jpg 1536w, https:\/\/agora.xtec.cat\/ceip-jrj\/wp-content\/uploads\/usu280\/2024\/03\/2nA12-2048x1682.jpg 2048w\" sizes=\"auto, (max-width: 163px) 100vw, 163px\" \/><\/a><\/p>\n<p><a href=\"https:\/\/agora.xtec.cat\/ceip-jrj\/wp-content\/uploads\/usu280\/2024\/03\/portada-2-scaled.jpg\"><img loading=\"lazy\" decoding=\"async\" class=\"wp-image-6636 alignright\" src=\"https:\/\/agora.xtec.cat\/ceip-jrj\/wp-content\/uploads\/usu280\/2024\/03\/portada-2-1024x768.jpg\" alt=\"\" width=\"207\" height=\"155\" srcset=\"https:\/\/agora.xtec.cat\/ceip-jrj\/wp-content\/uploads\/usu280\/2024\/03\/portada-2-1024x768.jpg 1024w, https:\/\/agora.xtec.cat\/ceip-jrj\/wp-content\/uploads\/usu280\/2024\/03\/portada-2-300x225.jpg 300w, https:\/\/agora.xtec.cat\/ceip-jrj\/wp-content\/uploads\/usu280\/2024\/03\/portada-2-768x576.jpg 768w, https:\/\/agora.xtec.cat\/ceip-jrj\/wp-content\/uploads\/usu280\/2024\/03\/portada-2-1536x1152.jpg 1536w, https:\/\/agora.xtec.cat\/ceip-jrj\/wp-content\/uploads\/usu280\/2024\/03\/portada-2-2048x1536.jpg 2048w, https:\/\/agora.xtec.cat\/ceip-jrj\/wp-content\/uploads\/usu280\/2024\/03\/portada-2-200x150.jpg 200w\" sizes=\"auto, (max-width: 207px) 100vw, 207px\" \/><\/a><\/p>\n<p>Un any m\u00e9s ha arribat el 8 de mar\u00e7 i a la nostra escola hem volgut tornar a posar de manifest que les dones de la nostra vida s\u00f3n\u00a0extraordin\u00e0ries, fabuloses i \u00faniques.\u00a0 Al llarg d&#8217;aquest dia, l&#8217;alumnat ha portat a terme diferents activitats i din\u00e0miques on les mares, \u00e0vies, tietes, germanes i altres dones rellevants a la nostra hist\u00f2ria han estat m\u00e9s presents que mai.\u00a0Si voleu descobrir tot el que vam fer en aquesta jornada tan especial, us convidem a fer clic aqu\u00ed i acompanyar-nos en aquest recorregut!<\/p>\n<h4 style=\"text-align: center;\"><a href=\"https:\/\/photos.app.goo.gl\/aSmjuN5fKrbqV6WU6\">Galeria Fotogr\u00e0fica<\/a><\/h4>\n<p>&nbsp;<\/p>\n<p>&nbsp;<\/p>\n","protected":false},"excerpt":{"rendered":"<p>Ser\u00e0s aquella que vas voler ser<br \/>\nSer\u00e0s la tres voltes rebel<br \/>\nSer\u00e0s un puny al\u00e7at al vent<br \/>\nI tu, sols tu<br \/>\nFar\u00e0s vibrar cinc continents!!!<br \/>\nFragment &#8220;I tu, sols tu&#8221; de EL DILUVI&hellip;  <a href=\"https:\/\/agora.xtec.cat\/ceip-jrj\/general\/per-un-mon-on-siguem-socialment-iguals\/\" title=\"Read Per un m\u00f3n on siguem socialment iguals!\">Llegeix m\u00e9s\u00bb<\/a><\/p>\n","protected":false},"author":9,"featured_media":6634,"comment_status":"closed","ping_status":"closed","sticky":false,"template":"","format":"standard","meta":{"_bbp_topic_count":0,"_bbp_reply_count":0,"_bbp_total_topic_count":0,"_bbp_total_reply_count":0,"_bbp_voice_count":0,"_bbp_anonymous_reply_count":0,"_bbp_topic_count_hidden":0,"_bbp_reply_count_hidden":0,"_bbp_forum_subforum_count":0,"footnotes":""},"categories":[1,2,4,5],"tags":[],"class_list":["post-6633","post","type-post","status-publish","format-standard","has-post-thumbnail","hentry","category-general","category-infantil","category-portada","category-primaria"],"post_mailing_queue_ids":[],"_links":{"self":[{"href":"https:\/\/agora.xtec.cat\/ceip-jrj\/wp-json\/wp\/v2\/posts\/6633","targetHints":{"allow":["GET"]}}],"collection":[{"href":"https:\/\/agora.xtec.cat\/ceip-jrj\/wp-json\/wp\/v2\/posts"}],"about":[{"href":"https:\/\/agora.xtec.cat\/ceip-jrj\/wp-json\/wp\/v2\/types\/post"}],"author":[{"embeddable":true,"href":"https:\/\/agora.xtec.cat\/ceip-jrj\/wp-json\/wp\/v2\/users\/9"}],"replies":[{"embeddable":true,"href":"https:\/\/agora.xtec.cat\/ceip-jrj\/wp-json\/wp\/v2\/comments?post=6633"}],"version-history":[{"count":2,"href":"https:\/\/agora.xtec.cat\/ceip-jrj\/wp-json\/wp\/v2\/posts\/6633\/revisions"}],"predecessor-version":[{"id":6638,"href":"https:\/\/agora.xtec.cat\/ceip-jrj\/wp-json\/wp\/v2\/posts\/6633\/revisions\/6638"}],"wp:featuredmedia":[{"embeddable":true,"href":"https:\/\/agora.xtec.cat\/ceip-jrj\/wp-json\/wp\/v2\/media\/6634"}],"wp:attachment":[{"href":"https:\/\/agora.xtec.cat\/ceip-jrj\/wp-json\/wp\/v2\/media?parent=6633"}],"wp:term":[{"taxonomy":"category","embeddable":true,"href":"https:\/\/agora.xtec.cat\/ceip-jrj\/wp-json\/wp\/v2\/categories?post=6633"},{"taxonomy":"post_tag","embeddable":true,"href":"https:\/\/agora.xtec.cat\/ceip-jrj\/wp-json\/wp\/v2\/tags?post=6633"}],"curies":[{"name":"wp","href":"https:\/\/api.w.org\/{rel}","templated":true}]}}