{"id":6623,"date":"2024-03-08T08:50:40","date_gmt":"2024-03-08T07:50:40","guid":{"rendered":"https:\/\/agora.xtec.cat\/ceip-jrj\/?p=6623"},"modified":"2024-03-10T18:54:47","modified_gmt":"2024-03-10T17:54:47","slug":"congres-de-la-ciencia","status":"publish","type":"post","link":"https:\/\/agora.xtec.cat\/ceip-jrj\/general\/congres-de-la-ciencia\/","title":{"rendered":"Congr\u00e9s de la Ci\u00e8ncia"},"content":{"rendered":"<p>Els alumnes de 4t han fet la seva pon\u00e8ncia al 8\u00e8 Congr\u00e9s de la Ci\u00e8ncia a la vila de Martorell. Han pogut plasmar tot all\u00f2 que, no nom\u00e9s els nostres alumnes de 4t d&#8217;aquest curs han preparat, sin\u00f3 que, han fet extensiu tot el treball d&#8217;altres companys que han realitzat al llarg dels 3 cursos que l&#8217;escola porta apadrinant la Serra de l&#8217;Ataix. Tot aix\u00f2 ho han englobat amb un TV Natura sobre la Serra, que a continuaci\u00f3 us mostrem amb les imatges del Congr\u00e9s.<\/p>\n<p>Quina passada de presentaci\u00f3 i treball de cerca portat a terme per tots els alumnes implicats. FELICITATS, ESCOLA JUAN RAM\u00d3N JIM\u00c9NEZ.<\/p>\n<p>Cliqueu <a href=\"https:\/\/photos.app.goo.gl\/ySYYLd7meikjfgav9\"><strong>aqu\u00ed<\/strong><\/a> i teniu unes quantes evid\u00e8ncies del que han gaudit els alumnes i la presentaci\u00f3 TV Nature!!<\/p>\n<p>&nbsp;<\/p>\n","protected":false},"excerpt":{"rendered":"<p>Els alumnes de 4t han fet la seva pon\u00e8ncia al 8\u00e8 Congr\u00e9s de la Ci\u00e8ncia a la vila de Martorell. Han pogut plasmar tot all\u00f2 que, no nom\u00e9s els nostres alumnes de 4t d&#8217;aquest curs han preparat, sin\u00f3 que, han fet extensiu tot el treball&hellip;  <a href=\"https:\/\/agora.xtec.cat\/ceip-jrj\/general\/congres-de-la-ciencia\/\" title=\"Read Congr\u00e9s de la Ci\u00e8ncia\">Llegeix m\u00e9s\u00bb<\/a><\/p>\n","protected":false},"author":1,"featured_media":6624,"comment_status":"closed","ping_status":"closed","sticky":false,"template":"","format":"standard","meta":{"_bbp_topic_count":0,"_bbp_reply_count":0,"_bbp_total_topic_count":0,"_bbp_total_reply_count":0,"_bbp_voice_count":0,"_bbp_anonymous_reply_count":0,"_bbp_topic_count_hidden":0,"_bbp_reply_count_hidden":0,"_bbp_forum_subforum_count":0,"footnotes":""},"categories":[13,7,59,1,4,5],"tags":[],"class_list":["post-6623","post","type-post","status-publish","format-standard","has-post-thumbnail","hentry","category-4t","category-ampa","category-cm","category-general","category-portada","category-primaria"],"post_mailing_queue_ids":[],"_links":{"self":[{"href":"https:\/\/agora.xtec.cat\/ceip-jrj\/wp-json\/wp\/v2\/posts\/6623","targetHints":{"allow":["GET"]}}],"collection":[{"href":"https:\/\/agora.xtec.cat\/ceip-jrj\/wp-json\/wp\/v2\/posts"}],"about":[{"href":"https:\/\/agora.xtec.cat\/ceip-jrj\/wp-json\/wp\/v2\/types\/post"}],"author":[{"embeddable":true,"href":"https:\/\/agora.xtec.cat\/ceip-jrj\/wp-json\/wp\/v2\/users\/1"}],"replies":[{"embeddable":true,"href":"https:\/\/agora.xtec.cat\/ceip-jrj\/wp-json\/wp\/v2\/comments?post=6623"}],"version-history":[{"count":2,"href":"https:\/\/agora.xtec.cat\/ceip-jrj\/wp-json\/wp\/v2\/posts\/6623\/revisions"}],"predecessor-version":[{"id":6640,"href":"https:\/\/agora.xtec.cat\/ceip-jrj\/wp-json\/wp\/v2\/posts\/6623\/revisions\/6640"}],"wp:featuredmedia":[{"embeddable":true,"href":"https:\/\/agora.xtec.cat\/ceip-jrj\/wp-json\/wp\/v2\/media\/6624"}],"wp:attachment":[{"href":"https:\/\/agora.xtec.cat\/ceip-jrj\/wp-json\/wp\/v2\/media?parent=6623"}],"wp:term":[{"taxonomy":"category","embeddable":true,"href":"https:\/\/agora.xtec.cat\/ceip-jrj\/wp-json\/wp\/v2\/categories?post=6623"},{"taxonomy":"post_tag","embeddable":true,"href":"https:\/\/agora.xtec.cat\/ceip-jrj\/wp-json\/wp\/v2\/tags?post=6623"}],"curies":[{"name":"wp","href":"https:\/\/api.w.org\/{rel}","templated":true}]}}