{"id":6617,"date":"2024-03-07T18:46:13","date_gmt":"2024-03-07T17:46:13","guid":{"rendered":"https:\/\/agora.xtec.cat\/ceip-jrj\/?p=6617"},"modified":"2024-03-07T18:48:12","modified_gmt":"2024-03-07T17:48:12","slug":"som-una-pinya","status":"publish","type":"post","link":"https:\/\/agora.xtec.cat\/ceip-jrj\/general\/som-una-pinya\/","title":{"rendered":"Som una pinya!!!"},"content":{"rendered":"<p><a href=\"https:\/\/agora.xtec.cat\/ceip-jrj\/wp-content\/uploads\/usu280\/2024\/03\/portada.png\"><img loading=\"lazy\" decoding=\"async\" class=\"wp-image-6619 alignleft\" src=\"https:\/\/agora.xtec.cat\/ceip-jrj\/wp-content\/uploads\/usu280\/2024\/03\/portada.png\" alt=\"\" width=\"216\" height=\"306\" srcset=\"https:\/\/agora.xtec.cat\/ceip-jrj\/wp-content\/uploads\/usu280\/2024\/03\/portada.png 636w, https:\/\/agora.xtec.cat\/ceip-jrj\/wp-content\/uploads\/usu280\/2024\/03\/portada-212x300.png 212w\" sizes=\"auto, (max-width: 216px) 100vw, 216px\" \/><\/a><\/p>\n<p>Les nenes i els nens de 1r i 2n nivell ens hem convertit en castellers i castelleres per un dia. La colla castellera de Vilafranca del Pened\u00e8s ens ha obert la porta de bat a bat i ens ha perm\u00e8s con\u00e8ixer el fet casteller: qu\u00e8 \u00e9s un Castell, quines parts en podem diferenciar, quines estructures hi ha&#8230; i con\u00e8ixer el funcionament d&#8217;una Colla de castellers\/es.<br \/>\nPer\u00f2 el m\u00e9s important hem pogut enfortir els vincles de solidaritat i respecte als nostres companys i companyes.<\/p>\n<h4 style=\"text-align: center;\"><a href=\"https:\/\/photos.app.goo.gl\/j8GNqw5k2Q6STUuY8\">GALERIA FOTOGR\u00c0FICA<\/a><\/h4>\n","protected":false},"excerpt":{"rendered":"<p>Les nenes i els nens de 1r i 2n nivell ens hem convertit en castellers i castelleres per un dia.&hellip;  <a href=\"https:\/\/agora.xtec.cat\/ceip-jrj\/general\/som-una-pinya\/\" title=\"Read Som una pinya!!!\">Llegeix m\u00e9s\u00bb<\/a><\/p>\n","protected":false},"author":9,"featured_media":6618,"comment_status":"closed","ping_status":"closed","sticky":false,"template":"","format":"standard","meta":{"_bbp_topic_count":0,"_bbp_reply_count":0,"_bbp_total_topic_count":0,"_bbp_total_reply_count":0,"_bbp_voice_count":0,"_bbp_anonymous_reply_count":0,"_bbp_topic_count_hidden":0,"_bbp_reply_count_hidden":0,"_bbp_forum_subforum_count":0,"footnotes":""},"categories":[10,11,1,4,5],"tags":[],"class_list":["post-6617","post","type-post","status-publish","format-standard","has-post-thumbnail","hentry","category-1r","category-2n","category-general","category-portada","category-primaria"],"post_mailing_queue_ids":[],"_links":{"self":[{"href":"https:\/\/agora.xtec.cat\/ceip-jrj\/wp-json\/wp\/v2\/posts\/6617","targetHints":{"allow":["GET"]}}],"collection":[{"href":"https:\/\/agora.xtec.cat\/ceip-jrj\/wp-json\/wp\/v2\/posts"}],"about":[{"href":"https:\/\/agora.xtec.cat\/ceip-jrj\/wp-json\/wp\/v2\/types\/post"}],"author":[{"embeddable":true,"href":"https:\/\/agora.xtec.cat\/ceip-jrj\/wp-json\/wp\/v2\/users\/9"}],"replies":[{"embeddable":true,"href":"https:\/\/agora.xtec.cat\/ceip-jrj\/wp-json\/wp\/v2\/comments?post=6617"}],"version-history":[{"count":2,"href":"https:\/\/agora.xtec.cat\/ceip-jrj\/wp-json\/wp\/v2\/posts\/6617\/revisions"}],"predecessor-version":[{"id":6622,"href":"https:\/\/agora.xtec.cat\/ceip-jrj\/wp-json\/wp\/v2\/posts\/6617\/revisions\/6622"}],"wp:featuredmedia":[{"embeddable":true,"href":"https:\/\/agora.xtec.cat\/ceip-jrj\/wp-json\/wp\/v2\/media\/6618"}],"wp:attachment":[{"href":"https:\/\/agora.xtec.cat\/ceip-jrj\/wp-json\/wp\/v2\/media?parent=6617"}],"wp:term":[{"taxonomy":"category","embeddable":true,"href":"https:\/\/agora.xtec.cat\/ceip-jrj\/wp-json\/wp\/v2\/categories?post=6617"},{"taxonomy":"post_tag","embeddable":true,"href":"https:\/\/agora.xtec.cat\/ceip-jrj\/wp-json\/wp\/v2\/tags?post=6617"}],"curies":[{"name":"wp","href":"https:\/\/api.w.org\/{rel}","templated":true}]}}