{"id":6608,"date":"2024-02-23T16:36:55","date_gmt":"2024-02-23T15:36:55","guid":{"rendered":"https:\/\/agora.xtec.cat\/ceip-jrj\/?p=6608"},"modified":"2024-03-19T12:31:56","modified_gmt":"2024-03-19T11:31:56","slug":"recalculem-la-barcelona-medieval-3","status":"publish","type":"post","link":"https:\/\/agora.xtec.cat\/ceip-jrj\/general\/recalculem-la-barcelona-medieval-3\/","title":{"rendered":"RECALCULEM LA BARCELONA MEDIEVAL"},"content":{"rendered":"<p style=\"text-align: justify;\">L&#8217;alumnat de sis\u00e8 ha realitzat l&#8217;activitat <strong><em>Recalculem la Barcelona medieval<\/em><\/strong> a la ciutat comtal aquest dijous 22 de febrer.<\/p>\n<p style=\"text-align: justify;\">L&#8217;activitat ha consistit en fer una ruta pel barri de la Ribera per con\u00e8ixer tota la seva hist\u00f2ria, i aprofundir i ampliar els coneixements sobre l&#8217;edat mitjana; i tamb\u00e9 posar en pr\u00e0ctica d&#8217;una manera vivencial els sabers de l&#8217;\u00e0rea de matem\u00e0tiques apresos a l&#8217;aula\u00a0 i aprendre&#8217;n de nous.<\/p>\n<p style=\"text-align: justify;\">Finalment, hem fet un dinar de germanor al parc de la Ciutadella.<\/p>\n<p style=\"text-align: justify;\">Per a veure v\u00eddeos i fotos clica a <a href=\"https:\/\/photos.app.goo.gl\/z6Nz3KjX4YQsu1o66\"><strong><em>GALERIA<\/em><\/strong><\/a><\/p>\n","protected":false},"excerpt":{"rendered":"<p>L&#8217;alumnat de sis\u00e8 ha realitzat l&#8217;activitat Recalculem la Barcelona medieval&hellip;  <a href=\"https:\/\/agora.xtec.cat\/ceip-jrj\/general\/recalculem-la-barcelona-medieval-3\/\" title=\"Read RECALCULEM LA BARCELONA MEDIEVAL\">Llegeix m\u00e9s\u00bb<\/a><\/p>\n","protected":false},"author":14,"featured_media":6609,"comment_status":"closed","ping_status":"closed","sticky":false,"template":"","format":"standard","meta":{"_bbp_topic_count":0,"_bbp_reply_count":0,"_bbp_total_topic_count":0,"_bbp_total_reply_count":0,"_bbp_voice_count":0,"_bbp_anonymous_reply_count":0,"_bbp_topic_count_hidden":0,"_bbp_reply_count_hidden":0,"_bbp_forum_subforum_count":0,"footnotes":""},"categories":[1,4],"tags":[],"class_list":["post-6608","post","type-post","status-publish","format-standard","has-post-thumbnail","hentry","category-general","category-portada"],"post_mailing_queue_ids":[],"_links":{"self":[{"href":"https:\/\/agora.xtec.cat\/ceip-jrj\/wp-json\/wp\/v2\/posts\/6608","targetHints":{"allow":["GET"]}}],"collection":[{"href":"https:\/\/agora.xtec.cat\/ceip-jrj\/wp-json\/wp\/v2\/posts"}],"about":[{"href":"https:\/\/agora.xtec.cat\/ceip-jrj\/wp-json\/wp\/v2\/types\/post"}],"author":[{"embeddable":true,"href":"https:\/\/agora.xtec.cat\/ceip-jrj\/wp-json\/wp\/v2\/users\/14"}],"replies":[{"embeddable":true,"href":"https:\/\/agora.xtec.cat\/ceip-jrj\/wp-json\/wp\/v2\/comments?post=6608"}],"version-history":[{"count":3,"href":"https:\/\/agora.xtec.cat\/ceip-jrj\/wp-json\/wp\/v2\/posts\/6608\/revisions"}],"predecessor-version":[{"id":6668,"href":"https:\/\/agora.xtec.cat\/ceip-jrj\/wp-json\/wp\/v2\/posts\/6608\/revisions\/6668"}],"wp:featuredmedia":[{"embeddable":true,"href":"https:\/\/agora.xtec.cat\/ceip-jrj\/wp-json\/wp\/v2\/media\/6609"}],"wp:attachment":[{"href":"https:\/\/agora.xtec.cat\/ceip-jrj\/wp-json\/wp\/v2\/media?parent=6608"}],"wp:term":[{"taxonomy":"category","embeddable":true,"href":"https:\/\/agora.xtec.cat\/ceip-jrj\/wp-json\/wp\/v2\/categories?post=6608"},{"taxonomy":"post_tag","embeddable":true,"href":"https:\/\/agora.xtec.cat\/ceip-jrj\/wp-json\/wp\/v2\/tags?post=6608"}],"curies":[{"name":"wp","href":"https:\/\/api.w.org\/{rel}","templated":true}]}}