{"id":6589,"date":"2024-02-22T19:19:40","date_gmt":"2024-02-22T18:19:40","guid":{"rendered":"https:\/\/agora.xtec.cat\/ceip-jrj\/?p=6589"},"modified":"2024-02-22T19:19:40","modified_gmt":"2024-02-22T18:19:40","slug":"tafanegem-larmari-de-lolivia","status":"publish","type":"post","link":"https:\/\/agora.xtec.cat\/ceip-jrj\/general\/tafanegem-larmari-de-lolivia\/","title":{"rendered":"Tafanegem l&#8217;armari de l&#8217;Ol\u00edvia"},"content":{"rendered":"<p><a href=\"https:\/\/agora.xtec.cat\/ceip-jrj\/wp-content\/uploads\/usu280\/2024\/02\/Foto-de-\ud83d\udc9c\ud83c\udfb6.jpg\"><img loading=\"lazy\" decoding=\"async\" class=\"wp-image-6591 alignleft\" src=\"https:\/\/agora.xtec.cat\/ceip-jrj\/wp-content\/uploads\/usu280\/2024\/02\/Foto-de-\ud83d\udc9c\ud83c\udfb6-768x1024.jpg\" alt=\"\" width=\"150\" height=\"200\" srcset=\"https:\/\/agora.xtec.cat\/ceip-jrj\/wp-content\/uploads\/usu280\/2024\/02\/Foto-de-\ud83d\udc9c\ud83c\udfb6-768x1024.jpg 768w, https:\/\/agora.xtec.cat\/ceip-jrj\/wp-content\/uploads\/usu280\/2024\/02\/Foto-de-\ud83d\udc9c\ud83c\udfb6-225x300.jpg 225w, https:\/\/agora.xtec.cat\/ceip-jrj\/wp-content\/uploads\/usu280\/2024\/02\/Foto-de-\ud83d\udc9c\ud83c\udfb6-1152x1536.jpg 1152w, https:\/\/agora.xtec.cat\/ceip-jrj\/wp-content\/uploads\/usu280\/2024\/02\/Foto-de-\ud83d\udc9c\ud83c\udfb6.jpg 1200w\" sizes=\"auto, (max-width: 150px) 100vw, 150px\" \/><\/a><\/p>\n<p>Les nenes i els nens de 2n nivell ens convertim dissenyadors\/es de moda. La nostra &#8220;model&#8221; ha estat l&#8217;Ol\u00edvia, un dels personatges de la literatura infantil m\u00e9s famosos dels darrers temps. Aix\u00ed que, carregats de llibres, colors, adhesius, cinta m\u00e8trica, les tisores, pega i una gran quantitat d&#8217;imaginaci\u00f3 vam confeccionar un munt de nous &#8220;<span class=\"hiddenSpellError\">outfits<\/span>&#8221; de moda per la nostra amiga.<\/p>\n<h5 style=\"text-align: center;\"><a href=\"https:\/\/photos.app.goo.gl\/wo3tJAP1ExuAygBW9\">GALERIA FOTOGR\u00c0FICA<\/a><\/h5>\n","protected":false},"excerpt":{"rendered":"<p>Les nenes i els nens de 2n nivell ens convertim dissenyadors\/es de moda.&hellip;  <a href=\"https:\/\/agora.xtec.cat\/ceip-jrj\/general\/tafanegem-larmari-de-lolivia\/\" title=\"Read Tafanegem l&#8217;armari de l&#8217;Ol\u00edvia\">Llegeix m\u00e9s\u00bb<\/a><\/p>\n","protected":false},"author":9,"featured_media":6590,"comment_status":"closed","ping_status":"closed","sticky":false,"template":"","format":"standard","meta":{"_bbp_topic_count":0,"_bbp_reply_count":0,"_bbp_total_topic_count":0,"_bbp_total_reply_count":0,"_bbp_voice_count":0,"_bbp_anonymous_reply_count":0,"_bbp_topic_count_hidden":0,"_bbp_reply_count_hidden":0,"_bbp_forum_subforum_count":0,"footnotes":""},"categories":[11,1,4,5],"tags":[],"class_list":["post-6589","post","type-post","status-publish","format-standard","has-post-thumbnail","hentry","category-2n","category-general","category-portada","category-primaria"],"post_mailing_queue_ids":[],"_links":{"self":[{"href":"https:\/\/agora.xtec.cat\/ceip-jrj\/wp-json\/wp\/v2\/posts\/6589","targetHints":{"allow":["GET"]}}],"collection":[{"href":"https:\/\/agora.xtec.cat\/ceip-jrj\/wp-json\/wp\/v2\/posts"}],"about":[{"href":"https:\/\/agora.xtec.cat\/ceip-jrj\/wp-json\/wp\/v2\/types\/post"}],"author":[{"embeddable":true,"href":"https:\/\/agora.xtec.cat\/ceip-jrj\/wp-json\/wp\/v2\/users\/9"}],"replies":[{"embeddable":true,"href":"https:\/\/agora.xtec.cat\/ceip-jrj\/wp-json\/wp\/v2\/comments?post=6589"}],"version-history":[{"count":1,"href":"https:\/\/agora.xtec.cat\/ceip-jrj\/wp-json\/wp\/v2\/posts\/6589\/revisions"}],"predecessor-version":[{"id":6592,"href":"https:\/\/agora.xtec.cat\/ceip-jrj\/wp-json\/wp\/v2\/posts\/6589\/revisions\/6592"}],"wp:featuredmedia":[{"embeddable":true,"href":"https:\/\/agora.xtec.cat\/ceip-jrj\/wp-json\/wp\/v2\/media\/6590"}],"wp:attachment":[{"href":"https:\/\/agora.xtec.cat\/ceip-jrj\/wp-json\/wp\/v2\/media?parent=6589"}],"wp:term":[{"taxonomy":"category","embeddable":true,"href":"https:\/\/agora.xtec.cat\/ceip-jrj\/wp-json\/wp\/v2\/categories?post=6589"},{"taxonomy":"post_tag","embeddable":true,"href":"https:\/\/agora.xtec.cat\/ceip-jrj\/wp-json\/wp\/v2\/tags?post=6589"}],"curies":[{"name":"wp","href":"https:\/\/api.w.org\/{rel}","templated":true}]}}