{"id":6571,"date":"2024-02-17T09:32:30","date_gmt":"2024-02-17T08:32:30","guid":{"rendered":"https:\/\/agora.xtec.cat\/ceip-jrj\/?p=6571"},"modified":"2024-03-19T12:32:48","modified_gmt":"2024-03-19T11:32:48","slug":"campanya-solidaria-de-donacio-de-sang-20-febrer-2024","status":"publish","type":"post","link":"https:\/\/agora.xtec.cat\/ceip-jrj\/general\/campanya-solidaria-de-donacio-de-sang-20-febrer-2024\/","title":{"rendered":"CAMPANYA SOLID\u00c0RIA DE DONACI\u00d3 DE SANG-20 FEBRER 2024"},"content":{"rendered":"<p style=\"text-align: center;\">L&#8217;alumnat de 5\u00e8 de Prim\u00e0ria de l\u2019escola organitza, amb el suport del professorat i el Banc de Sang i Teixits, una <strong>campanya de donaci\u00f3 de sang<\/strong>. Tindr\u00e0 lloc el proper <strong>dimarts, 20 de febrer, de 09.00 a 13.00h i de 15.00 a 19.00h<\/strong>, a l\u2019aula de Psicomotricitat del centre educatiu.<\/p>\n<p>L\u2019acci\u00f3 forma part del programa educatiu \u2018Apr\u00e8n, participa i dona\u2019 del Banc de Sang i Teixits adre\u00e7at a infants i joves de 6 a 18 anys perqu\u00e8 adquireixin coneixements i valors a trav\u00e9s de la promoci\u00f3 de la donaci\u00f3 de sang i l\u2019organitzaci\u00f3 d\u2019una campanya.<\/p>\n<p>La Cloe, en Jan, la Giana i l&#8217;Albert, alumnes de cinqu\u00e8, han explicat en una entrevista a R\u00e0dio Martorell que l\u2019activitat t\u00e9 diferents parts. A la primera, l&#8217;alumnat ha rebut la visita del Banc de Sang i Teixits a l\u2019aula i ha estat format sobre la sang i la donaci\u00f3, amb sabers cient\u00edfico-m\u00e8dics, de comunicaci\u00f3 i de valors. A la segona part, els participants han creat materials per promocionar la donaci\u00f3 de sang i han organitzat la seva pr\u00f2pia campanya de difusi\u00f3 per conscienciar el seu entorn i animar a la gent a que doni sang. En aquest cas, l&#8217;alumnat, mitjan\u00e7ant un concurs, han triat el lema <strong>\u2018Si dones sang et sentir\u00e0s genial\u2019<\/strong> i el logotip \u00e9s el dibuix d\u2019una gota de sang feli\u00e7, saludant i donant les gr\u00e0cies.<\/p>\n<p>Per escoltar l&#8217;<strong>entrevista de la r\u00e0dio<\/strong>\u00a0<a href=\"https:\/\/soundcloud.com\/comunicaci-martorell\/entrevista-alumnes-5e-escola-juan-ramon-jimenez-donacio-de-sang?utm_source=clipboard&amp;utm_campaign=wtshare&amp;utm_medium=widget&amp;utm_content=https%253A%252F%252Fsoundcloud.com%252Fcomunicaci-martorell%252Fentrevista-alumnes-5e-escola-juan-ramon-jimenez-donacio-de-sang\">CLICA.<\/a><\/p>\n<p>El dia de la donaci\u00f3, l&#8217;alumnat es repartir\u00e0 en grups per rebre els donants, lliurar-los el q\u00fcestionari que hauran d&#8217;entregar a l\u2019equip del Banc de Sang, repartir el refrigeri als participants despr\u00e9s de la donaci\u00f3 i entregar una xapa amb el logotip de la campanya com a obsequi.<\/p>\n<p>La darrera fase es dedica als agra\u00efments i valoracions. Es tracta d\u2019avaluar tota l\u2019activitat conjuntament amb l\u2019equip educatiu i fer un reconeixement amb els resultats de la campanya pel centre i pels participants.<\/p>\n<p>Us animem a participar-hi!<\/p>\n<p>Per veure el <strong>cartell publicitari<\/strong> creat pel nostre alumnat de cinqu\u00e8 <a href=\"https:\/\/agora.xtec.cat\/ceip-jrj\/wp-content\/uploads\/usu280\/2024\/02\/CARTELL-FEBRER-24.pdf\">CLICA<\/a>.<\/p>\n<p>Per veure el v\u00cddeo <a href=\"https:\/\/drive.google.com\/file\/d\/1FXrl51gh93seWpE-xPvWyhkgXY6upA_4\/view?usp=sharing\">CLICA.<\/a><\/p>\n<p>&nbsp;<\/p>\n","protected":false},"excerpt":{"rendered":"<p>L&#8217;alumnat de 5\u00e8 de Prim\u00e0ria de l\u2019escola organitza, amb el suport del professorat i el Banc de Sang i Teixits&hellip;  <a href=\"https:\/\/agora.xtec.cat\/ceip-jrj\/general\/campanya-solidaria-de-donacio-de-sang-20-febrer-2024\/\" title=\"Read CAMPANYA SOLID\u00c0RIA DE DONACI\u00d3 DE SANG-20 FEBRER 2024\">Llegeix m\u00e9s\u00bb<\/a><\/p>\n","protected":false},"author":14,"featured_media":6573,"comment_status":"closed","ping_status":"closed","sticky":false,"template":"","format":"standard","meta":{"_bbp_topic_count":0,"_bbp_reply_count":0,"_bbp_total_topic_count":0,"_bbp_total_reply_count":0,"_bbp_voice_count":0,"_bbp_anonymous_reply_count":0,"_bbp_topic_count_hidden":0,"_bbp_reply_count_hidden":0,"_bbp_forum_subforum_count":0,"footnotes":""},"categories":[1,4],"tags":[],"class_list":["post-6571","post","type-post","status-publish","format-standard","has-post-thumbnail","hentry","category-general","category-portada"],"post_mailing_queue_ids":[],"_links":{"self":[{"href":"https:\/\/agora.xtec.cat\/ceip-jrj\/wp-json\/wp\/v2\/posts\/6571","targetHints":{"allow":["GET"]}}],"collection":[{"href":"https:\/\/agora.xtec.cat\/ceip-jrj\/wp-json\/wp\/v2\/posts"}],"about":[{"href":"https:\/\/agora.xtec.cat\/ceip-jrj\/wp-json\/wp\/v2\/types\/post"}],"author":[{"embeddable":true,"href":"https:\/\/agora.xtec.cat\/ceip-jrj\/wp-json\/wp\/v2\/users\/14"}],"replies":[{"embeddable":true,"href":"https:\/\/agora.xtec.cat\/ceip-jrj\/wp-json\/wp\/v2\/comments?post=6571"}],"version-history":[{"count":6,"href":"https:\/\/agora.xtec.cat\/ceip-jrj\/wp-json\/wp\/v2\/posts\/6571\/revisions"}],"predecessor-version":[{"id":6669,"href":"https:\/\/agora.xtec.cat\/ceip-jrj\/wp-json\/wp\/v2\/posts\/6571\/revisions\/6669"}],"wp:featuredmedia":[{"embeddable":true,"href":"https:\/\/agora.xtec.cat\/ceip-jrj\/wp-json\/wp\/v2\/media\/6573"}],"wp:attachment":[{"href":"https:\/\/agora.xtec.cat\/ceip-jrj\/wp-json\/wp\/v2\/media?parent=6571"}],"wp:term":[{"taxonomy":"category","embeddable":true,"href":"https:\/\/agora.xtec.cat\/ceip-jrj\/wp-json\/wp\/v2\/categories?post=6571"},{"taxonomy":"post_tag","embeddable":true,"href":"https:\/\/agora.xtec.cat\/ceip-jrj\/wp-json\/wp\/v2\/tags?post=6571"}],"curies":[{"name":"wp","href":"https:\/\/api.w.org\/{rel}","templated":true}]}}