{"id":6565,"date":"2024-02-14T13:16:34","date_gmt":"2024-02-14T12:16:34","guid":{"rendered":"https:\/\/agora.xtec.cat\/ceip-jrj\/?p=6565"},"modified":"2024-02-14T13:23:45","modified_gmt":"2024-02-14T12:23:45","slug":"fundacio-miro","status":"publish","type":"post","link":"https:\/\/agora.xtec.cat\/ceip-jrj\/general\/fundacio-miro\/","title":{"rendered":"FUNDACI\u00d3 MIR\u00d3"},"content":{"rendered":"<p>Els alumnes de 3r van realitzar la sortida a la Fundaci\u00f3 Mir\u00f3. Els va servir de tancament del pintor que van treballar des de l&#8217;\u00e0rea Visual i pl\u00e0stica. Mireu quines bones imatges del museu ens van deixar els nens amb les activitats portades a terme acompanyats de les monitores del museu.<\/p>\n<p>Aqu\u00ed us deixem l&#8217;enlla\u00e7 per veure les<a href=\"https:\/\/photos.app.goo.gl\/hdTFQ7m4ESnN9op66\"> fotos<\/a> de la sortida realitzada.<\/p>\n","protected":false},"excerpt":{"rendered":"<p>Els alumnes de 3r van realitzar la sortida a la Fundaci\u00f3 Mir\u00f3. Els va servir de tancament del pintor que van treballar des de l&#8217;\u00e0rea Visual i pl\u00e0stica. Mireu quines bones imatges del museu ens van deixar els nens amb les activitats portades a terme&hellip;  <a href=\"https:\/\/agora.xtec.cat\/ceip-jrj\/general\/fundacio-miro\/\" title=\"Read FUNDACI\u00d3 MIR\u00d3\">Llegeix m\u00e9s\u00bb<\/a><\/p>\n","protected":false},"author":1,"featured_media":6566,"comment_status":"closed","ping_status":"closed","sticky":false,"template":"","format":"standard","meta":{"_bbp_topic_count":0,"_bbp_reply_count":0,"_bbp_total_topic_count":0,"_bbp_total_reply_count":0,"_bbp_voice_count":0,"_bbp_anonymous_reply_count":0,"_bbp_topic_count_hidden":0,"_bbp_reply_count_hidden":0,"_bbp_forum_subforum_count":0,"footnotes":""},"categories":[12,59,1,4,5],"tags":[],"class_list":["post-6565","post","type-post","status-publish","format-standard","has-post-thumbnail","hentry","category-3r","category-cm","category-general","category-portada","category-primaria"],"post_mailing_queue_ids":[],"_links":{"self":[{"href":"https:\/\/agora.xtec.cat\/ceip-jrj\/wp-json\/wp\/v2\/posts\/6565","targetHints":{"allow":["GET"]}}],"collection":[{"href":"https:\/\/agora.xtec.cat\/ceip-jrj\/wp-json\/wp\/v2\/posts"}],"about":[{"href":"https:\/\/agora.xtec.cat\/ceip-jrj\/wp-json\/wp\/v2\/types\/post"}],"author":[{"embeddable":true,"href":"https:\/\/agora.xtec.cat\/ceip-jrj\/wp-json\/wp\/v2\/users\/1"}],"replies":[{"embeddable":true,"href":"https:\/\/agora.xtec.cat\/ceip-jrj\/wp-json\/wp\/v2\/comments?post=6565"}],"version-history":[{"count":2,"href":"https:\/\/agora.xtec.cat\/ceip-jrj\/wp-json\/wp\/v2\/posts\/6565\/revisions"}],"predecessor-version":[{"id":6568,"href":"https:\/\/agora.xtec.cat\/ceip-jrj\/wp-json\/wp\/v2\/posts\/6565\/revisions\/6568"}],"wp:featuredmedia":[{"embeddable":true,"href":"https:\/\/agora.xtec.cat\/ceip-jrj\/wp-json\/wp\/v2\/media\/6566"}],"wp:attachment":[{"href":"https:\/\/agora.xtec.cat\/ceip-jrj\/wp-json\/wp\/v2\/media?parent=6565"}],"wp:term":[{"taxonomy":"category","embeddable":true,"href":"https:\/\/agora.xtec.cat\/ceip-jrj\/wp-json\/wp\/v2\/categories?post=6565"},{"taxonomy":"post_tag","embeddable":true,"href":"https:\/\/agora.xtec.cat\/ceip-jrj\/wp-json\/wp\/v2\/tags?post=6565"}],"curies":[{"name":"wp","href":"https:\/\/api.w.org\/{rel}","templated":true}]}}