{"id":6560,"date":"2024-02-12T16:23:02","date_gmt":"2024-02-12T15:23:02","guid":{"rendered":"https:\/\/agora.xtec.cat\/ceip-jrj\/?p=6560"},"modified":"2024-02-12T16:27:01","modified_gmt":"2024-02-12T15:27:01","slug":"carnaval-carnaval-2","status":"publish","type":"post","link":"https:\/\/agora.xtec.cat\/ceip-jrj\/general\/carnaval-carnaval-2\/","title":{"rendered":"CARNAVAL, CARNAVAL!!!"},"content":{"rendered":"<p>Senyors i senyores,<\/p>\n<p>petits i grans,<\/p>\n<p>Sa Majestat, el Rei Carnestoltes<\/p>\n<p>un any m\u00e9s, ens ha deixat!<\/p>\n<p>Estimats i estimades, la festa, la xerinola i la disbauxa ja s&#8217;han acabat, ens omple de tristor, per\u00f2 ens ho hem passat tan i tan b\u00e9 al Juan Ram\u00f3n, hem gaudit tant amb les consignes de cada dia, amb el dijous Gras i amb la festa de disfresses del divendres, que ara ja nom\u00e9s ens queda pensar amb alegria en l&#8217;any que v\u00e9 i que el proper curs, encara ens ho passarem millor que aquest. Gr\u00e0cies Rei Carnestoltes, sempre t&#8217;esperem amb il\u00b7lusi\u00f3 i un somriure a la cara! Voleu veure imatges de la setmana de Carnaval? Doncs <a href=\"https:\/\/photos.app.goo.gl\/PePYspJH37K9UtkP9\">cliqueu aqu\u00ed<\/a> i viureu la festa al nostre costat!<\/p>\n","protected":false},"excerpt":{"rendered":"<p>Senyors i senyores,<br \/>\npetits i grans,<br \/>\nSa Majestat, el Rei Carnestoltes<br \/>\nun any m\u00e9s, ens ha deixat!<br \/>\nEstimats i estimades, la festa, la xerinola i la disbauxa ja s&#8217;han acabat, ens omple de tristor, per\u00f2 ens ho hem passat tan i tan b\u00e9 al Juan Ram\u00f3n, hem gaudit tant&hellip;  <a href=\"https:\/\/agora.xtec.cat\/ceip-jrj\/general\/carnaval-carnaval-2\/\" title=\"Read CARNAVAL, CARNAVAL!!!\">Llegeix m\u00e9s\u00bb<\/a><\/p>\n","protected":false},"author":11,"featured_media":6564,"comment_status":"closed","ping_status":"closed","sticky":false,"template":"","format":"standard","meta":{"_bbp_topic_count":0,"_bbp_reply_count":0,"_bbp_total_topic_count":0,"_bbp_total_reply_count":0,"_bbp_voice_count":0,"_bbp_anonymous_reply_count":0,"_bbp_topic_count_hidden":0,"_bbp_reply_count_hidden":0,"_bbp_forum_subforum_count":0,"footnotes":""},"categories":[1,2,4,5],"tags":[],"class_list":["post-6560","post","type-post","status-publish","format-standard","has-post-thumbnail","hentry","category-general","category-infantil","category-portada","category-primaria"],"post_mailing_queue_ids":[],"_links":{"self":[{"href":"https:\/\/agora.xtec.cat\/ceip-jrj\/wp-json\/wp\/v2\/posts\/6560","targetHints":{"allow":["GET"]}}],"collection":[{"href":"https:\/\/agora.xtec.cat\/ceip-jrj\/wp-json\/wp\/v2\/posts"}],"about":[{"href":"https:\/\/agora.xtec.cat\/ceip-jrj\/wp-json\/wp\/v2\/types\/post"}],"author":[{"embeddable":true,"href":"https:\/\/agora.xtec.cat\/ceip-jrj\/wp-json\/wp\/v2\/users\/11"}],"replies":[{"embeddable":true,"href":"https:\/\/agora.xtec.cat\/ceip-jrj\/wp-json\/wp\/v2\/comments?post=6560"}],"version-history":[{"count":1,"href":"https:\/\/agora.xtec.cat\/ceip-jrj\/wp-json\/wp\/v2\/posts\/6560\/revisions"}],"predecessor-version":[{"id":6562,"href":"https:\/\/agora.xtec.cat\/ceip-jrj\/wp-json\/wp\/v2\/posts\/6560\/revisions\/6562"}],"wp:featuredmedia":[{"embeddable":true,"href":"https:\/\/agora.xtec.cat\/ceip-jrj\/wp-json\/wp\/v2\/media\/6564"}],"wp:attachment":[{"href":"https:\/\/agora.xtec.cat\/ceip-jrj\/wp-json\/wp\/v2\/media?parent=6560"}],"wp:term":[{"taxonomy":"category","embeddable":true,"href":"https:\/\/agora.xtec.cat\/ceip-jrj\/wp-json\/wp\/v2\/categories?post=6560"},{"taxonomy":"post_tag","embeddable":true,"href":"https:\/\/agora.xtec.cat\/ceip-jrj\/wp-json\/wp\/v2\/tags?post=6560"}],"curies":[{"name":"wp","href":"https:\/\/api.w.org\/{rel}","templated":true}]}}