{"id":6544,"date":"2024-01-30T07:56:24","date_gmt":"2024-01-30T06:56:24","guid":{"rendered":"https:\/\/agora.xtec.cat\/ceip-jrj\/?p=6544"},"modified":"2024-02-07T21:56:45","modified_gmt":"2024-02-07T20:56:45","slug":"dia-escolar-de-la-no-violencia-i-la-pau-2","status":"publish","type":"post","link":"https:\/\/agora.xtec.cat\/ceip-jrj\/general\/dia-escolar-de-la-no-violencia-i-la-pau-2\/","title":{"rendered":"Dia Escolar de la No-Viol\u00e8ncia I la Pau"},"content":{"rendered":"<p><a href=\"https:\/\/agora.xtec.cat\/ceip-jrj\/wp-content\/uploads\/usu280\/2024\/02\/Sin-titulo.png\"><img loading=\"lazy\" decoding=\"async\" class=\"alignleft wp-image-6546\" src=\"https:\/\/agora.xtec.cat\/ceip-jrj\/wp-content\/uploads\/usu280\/2024\/02\/Sin-titulo-724x1024.png\" alt=\"\" width=\"179\" height=\"253\" srcset=\"https:\/\/agora.xtec.cat\/ceip-jrj\/wp-content\/uploads\/usu280\/2024\/02\/Sin-titulo-724x1024.png 724w, https:\/\/agora.xtec.cat\/ceip-jrj\/wp-content\/uploads\/usu280\/2024\/02\/Sin-titulo-212x300.png 212w, https:\/\/agora.xtec.cat\/ceip-jrj\/wp-content\/uploads\/usu280\/2024\/02\/Sin-titulo-768x1086.png 768w, https:\/\/agora.xtec.cat\/ceip-jrj\/wp-content\/uploads\/usu280\/2024\/02\/Sin-titulo-1086x1536.png 1086w, https:\/\/agora.xtec.cat\/ceip-jrj\/wp-content\/uploads\/usu280\/2024\/02\/Sin-titulo.png 1448w\" sizes=\"auto, (max-width: 179px) 100vw, 179px\" \/><\/a><\/p>\n<p>Un any m\u00e9s l&#8217;alumnat de l&#8217;escola ha tornat a celebrar el Dia Escolar de la No-Viol\u00e8ncia I la Pau (<span class=\"hiddenSpellError\">DENIP<\/span>) commemorant la mort del pensador i pol\u00edtic indi Mahatma Gandhi. Avui m\u00e9s que mai hem de conscienciar als nostres infants en la import\u00e0ncia del respecte cap als altres per assegurar una conviv\u00e8ncia plena entre tots els homes i dones del m\u00f3n. Les activitats desenvolupades, doncs, han estat encaminades a potenciar la cooperaci\u00f3 entre l&#8217;alumnat i a aprofundir en el coneixement de diferents personalitats que, al llarg del temps, han contribu\u00eft a la &#8220;lluita&#8221; per preservar la pau i els drets de tothom per igual.<\/p>\n<h4 style=\"text-align: center;\"><a href=\"https:\/\/photos.google.com\/share\/AF1QipMhXDiF_09PAuX4RkZYUhyfTZd25gCD8OhtiXMiunH0bTSJcFYMcL7ZGGydsOioSA?key=U0dwa1BDczJiSEpRNGE1MEhvOVhuUVJ3b0Z1Y0x3\">Galeria fotogr\u00e0fica<\/a><\/h4>\n<p>&nbsp;<\/p>\n","protected":false},"excerpt":{"rendered":"<p>Dibuixem un horitz\u00f3<br \/>\nen un mar pintat de blau<br \/>\ni entonem aquest swing de la Pau!<br \/>\n(Anna M. Lorente i Rosa M. Vidal)&hellip;  <a href=\"https:\/\/agora.xtec.cat\/ceip-jrj\/general\/dia-escolar-de-la-no-violencia-i-la-pau-2\/\" title=\"Read Dia Escolar de la No-Viol\u00e8ncia I la Pau\">Llegeix m\u00e9s\u00bb<\/a><\/p>\n","protected":false},"author":9,"featured_media":6545,"comment_status":"closed","ping_status":"closed","sticky":false,"template":"","format":"standard","meta":{"_bbp_topic_count":0,"_bbp_reply_count":0,"_bbp_total_topic_count":0,"_bbp_total_reply_count":0,"_bbp_voice_count":0,"_bbp_anonymous_reply_count":0,"_bbp_topic_count_hidden":0,"_bbp_reply_count_hidden":0,"_bbp_forum_subforum_count":0,"footnotes":""},"categories":[1,2,4,5],"tags":[],"class_list":["post-6544","post","type-post","status-publish","format-standard","has-post-thumbnail","hentry","category-general","category-infantil","category-portada","category-primaria"],"post_mailing_queue_ids":[],"_links":{"self":[{"href":"https:\/\/agora.xtec.cat\/ceip-jrj\/wp-json\/wp\/v2\/posts\/6544","targetHints":{"allow":["GET"]}}],"collection":[{"href":"https:\/\/agora.xtec.cat\/ceip-jrj\/wp-json\/wp\/v2\/posts"}],"about":[{"href":"https:\/\/agora.xtec.cat\/ceip-jrj\/wp-json\/wp\/v2\/types\/post"}],"author":[{"embeddable":true,"href":"https:\/\/agora.xtec.cat\/ceip-jrj\/wp-json\/wp\/v2\/users\/9"}],"replies":[{"embeddable":true,"href":"https:\/\/agora.xtec.cat\/ceip-jrj\/wp-json\/wp\/v2\/comments?post=6544"}],"version-history":[{"count":1,"href":"https:\/\/agora.xtec.cat\/ceip-jrj\/wp-json\/wp\/v2\/posts\/6544\/revisions"}],"predecessor-version":[{"id":6547,"href":"https:\/\/agora.xtec.cat\/ceip-jrj\/wp-json\/wp\/v2\/posts\/6544\/revisions\/6547"}],"wp:featuredmedia":[{"embeddable":true,"href":"https:\/\/agora.xtec.cat\/ceip-jrj\/wp-json\/wp\/v2\/media\/6545"}],"wp:attachment":[{"href":"https:\/\/agora.xtec.cat\/ceip-jrj\/wp-json\/wp\/v2\/media?parent=6544"}],"wp:term":[{"taxonomy":"category","embeddable":true,"href":"https:\/\/agora.xtec.cat\/ceip-jrj\/wp-json\/wp\/v2\/categories?post=6544"},{"taxonomy":"post_tag","embeddable":true,"href":"https:\/\/agora.xtec.cat\/ceip-jrj\/wp-json\/wp\/v2\/tags?post=6544"}],"curies":[{"name":"wp","href":"https:\/\/api.w.org\/{rel}","templated":true}]}}