{"id":6497,"date":"2024-01-28T18:36:09","date_gmt":"2024-01-28T17:36:09","guid":{"rendered":"https:\/\/agora.xtec.cat\/ceip-jrj\/?p=6497"},"modified":"2024-01-28T19:29:33","modified_gmt":"2024-01-28T18:29:33","slug":"consell-dinfants","status":"publish","type":"post","link":"https:\/\/agora.xtec.cat\/ceip-jrj\/general\/consell-dinfants\/","title":{"rendered":"Constituci\u00f3 del Consell d&#8217;Infants 2023-2024"},"content":{"rendered":"<p>Diumenge dia 28 de gener, s&#8217;ha constitu\u00eft a la sala\u00a0 <em>El Progr\u00e9s<\/em> el <strong>Consell d&#8217;Infants del curs 2023-2024<\/strong> amb la incorporaci\u00f3 dels nous representants de les classes de 4t: Carla Chicote (4A), Ainara M\u00e1rquez (4B) i Adri\u00e1n Acu\u00f1a (4C). Treballaran plegats amb els nostres representants de cinqu\u00e8 i sis\u00e8 per tal de fer propostes al municipi. Conjuntament amb els representants de les altres escoles de Martorell, es faran grups de treball. \u00c9s un espai de participaci\u00f3 on els infants donen a con\u00e8ixer les seves necessitats i la seva mirada.<\/p>\n<p>Han tingut unes intervencions excel\u00b7lents i segur que faran un gran paper com a representants de la nostra escola. Felicitats!<\/p>\n<p><a href=\"https:\/\/agora.xtec.cat\/ceip-jrj\/general\/consell-dinfants\/attachment\/img_0955-1\/\" rel=\"attachment wp-att-6505\"><img loading=\"lazy\" decoding=\"async\" class=\"alignnone wp-image-6505\" src=\"https:\/\/agora.xtec.cat\/ceip-jrj\/wp-content\/uploads\/usu280\/2024\/01\/IMG_0955-1-scaled.jpg\" alt=\"\" width=\"372\" height=\"329\" srcset=\"https:\/\/agora.xtec.cat\/ceip-jrj\/wp-content\/uploads\/usu280\/2024\/01\/IMG_0955-1-scaled.jpg 2560w, https:\/\/agora.xtec.cat\/ceip-jrj\/wp-content\/uploads\/usu280\/2024\/01\/IMG_0955-1-300x265.jpg 300w, https:\/\/agora.xtec.cat\/ceip-jrj\/wp-content\/uploads\/usu280\/2024\/01\/IMG_0955-1-1024x906.jpg 1024w, https:\/\/agora.xtec.cat\/ceip-jrj\/wp-content\/uploads\/usu280\/2024\/01\/IMG_0955-1-768x679.jpg 768w, https:\/\/agora.xtec.cat\/ceip-jrj\/wp-content\/uploads\/usu280\/2024\/01\/IMG_0955-1-1536x1358.jpg 1536w, https:\/\/agora.xtec.cat\/ceip-jrj\/wp-content\/uploads\/usu280\/2024\/01\/IMG_0955-1-2048x1811.jpg 2048w\" sizes=\"auto, (max-width: 372px) 100vw, 372px\" \/><\/a><a href=\"https:\/\/agora.xtec.cat\/ceip-jrj\/general\/consell-dinfants\/attachment\/img_1864\/\" rel=\"attachment wp-att-6508\"><img loading=\"lazy\" decoding=\"async\" class=\"alignnone size-full wp-image-6508\" src=\"https:\/\/agora.xtec.cat\/ceip-jrj\/wp-content\/uploads\/usu280\/2024\/01\/IMG_1864.jpeg\" alt=\"\" width=\"2063\" height=\"1686\" srcset=\"https:\/\/agora.xtec.cat\/ceip-jrj\/wp-content\/uploads\/usu280\/2024\/01\/IMG_1864.jpeg 2063w, https:\/\/agora.xtec.cat\/ceip-jrj\/wp-content\/uploads\/usu280\/2024\/01\/IMG_1864-300x245.jpeg 300w, https:\/\/agora.xtec.cat\/ceip-jrj\/wp-content\/uploads\/usu280\/2024\/01\/IMG_1864-1024x837.jpeg 1024w, https:\/\/agora.xtec.cat\/ceip-jrj\/wp-content\/uploads\/usu280\/2024\/01\/IMG_1864-768x628.jpeg 768w, https:\/\/agora.xtec.cat\/ceip-jrj\/wp-content\/uploads\/usu280\/2024\/01\/IMG_1864-1536x1255.jpeg 1536w, https:\/\/agora.xtec.cat\/ceip-jrj\/wp-content\/uploads\/usu280\/2024\/01\/IMG_1864-2048x1674.jpeg 2048w\" sizes=\"auto, (max-width: 2063px) 100vw, 2063px\" \/><\/a><\/p>\n","protected":false},"excerpt":{"rendered":"<p>Constitu\u00eft el Consell d&#8217;Infants 2023-2024 amb la incorporaci\u00f3 de l&#8217;alumnat representat de les classes de 4t.&hellip;  <a href=\"https:\/\/agora.xtec.cat\/ceip-jrj\/general\/consell-dinfants\/\" title=\"Read Constituci\u00f3 del Consell d&#8217;Infants 2023-2024\">Llegeix m\u00e9s\u00bb<\/a><\/p>\n","protected":false},"author":1,"featured_media":6510,"comment_status":"open","ping_status":"closed","sticky":false,"template":"","format":"standard","meta":{"_bbp_topic_count":0,"_bbp_reply_count":0,"_bbp_total_topic_count":0,"_bbp_total_reply_count":0,"_bbp_voice_count":0,"_bbp_anonymous_reply_count":0,"_bbp_topic_count_hidden":0,"_bbp_reply_count_hidden":0,"_bbp_forum_subforum_count":0,"footnotes":""},"categories":[1,4],"tags":[],"class_list":["post-6497","post","type-post","status-publish","format-standard","has-post-thumbnail","hentry","category-general","category-portada"],"post_mailing_queue_ids":[],"_links":{"self":[{"href":"https:\/\/agora.xtec.cat\/ceip-jrj\/wp-json\/wp\/v2\/posts\/6497","targetHints":{"allow":["GET"]}}],"collection":[{"href":"https:\/\/agora.xtec.cat\/ceip-jrj\/wp-json\/wp\/v2\/posts"}],"about":[{"href":"https:\/\/agora.xtec.cat\/ceip-jrj\/wp-json\/wp\/v2\/types\/post"}],"author":[{"embeddable":true,"href":"https:\/\/agora.xtec.cat\/ceip-jrj\/wp-json\/wp\/v2\/users\/1"}],"replies":[{"embeddable":true,"href":"https:\/\/agora.xtec.cat\/ceip-jrj\/wp-json\/wp\/v2\/comments?post=6497"}],"version-history":[{"count":6,"href":"https:\/\/agora.xtec.cat\/ceip-jrj\/wp-json\/wp\/v2\/posts\/6497\/revisions"}],"predecessor-version":[{"id":6513,"href":"https:\/\/agora.xtec.cat\/ceip-jrj\/wp-json\/wp\/v2\/posts\/6497\/revisions\/6513"}],"wp:featuredmedia":[{"embeddable":true,"href":"https:\/\/agora.xtec.cat\/ceip-jrj\/wp-json\/wp\/v2\/media\/6510"}],"wp:attachment":[{"href":"https:\/\/agora.xtec.cat\/ceip-jrj\/wp-json\/wp\/v2\/media?parent=6497"}],"wp:term":[{"taxonomy":"category","embeddable":true,"href":"https:\/\/agora.xtec.cat\/ceip-jrj\/wp-json\/wp\/v2\/categories?post=6497"},{"taxonomy":"post_tag","embeddable":true,"href":"https:\/\/agora.xtec.cat\/ceip-jrj\/wp-json\/wp\/v2\/tags?post=6497"}],"curies":[{"name":"wp","href":"https:\/\/api.w.org\/{rel}","templated":true}]}}