{"id":6432,"date":"2023-12-02T14:15:57","date_gmt":"2023-12-02T13:15:57","guid":{"rendered":"https:\/\/agora.xtec.cat\/ceip-jrj\/?p=6432"},"modified":"2023-12-02T14:15:57","modified_gmt":"2023-12-02T13:15:57","slug":"patinar-sobre-el-gel-es-com-volar-sense-ales","status":"publish","type":"post","link":"https:\/\/agora.xtec.cat\/ceip-jrj\/general\/patinar-sobre-el-gel-es-com-volar-sense-ales\/","title":{"rendered":"Patinar sobre el gel \u00e9s com volar sense ales!"},"content":{"rendered":"<p><a href=\"https:\/\/agora.xtec.cat\/ceip-jrj\/wp-content\/uploads\/usu280\/2023\/12\/IMG_7074-scaled.jpg\"><img loading=\"lazy\" decoding=\"async\" class=\"wp-image-6435 alignleft\" src=\"https:\/\/agora.xtec.cat\/ceip-jrj\/wp-content\/uploads\/usu280\/2023\/12\/IMG_7074-768x1024.jpg\" alt=\"\" width=\"192\" height=\"256\" srcset=\"https:\/\/agora.xtec.cat\/ceip-jrj\/wp-content\/uploads\/usu280\/2023\/12\/IMG_7074-768x1024.jpg 768w, https:\/\/agora.xtec.cat\/ceip-jrj\/wp-content\/uploads\/usu280\/2023\/12\/IMG_7074-225x300.jpg 225w, https:\/\/agora.xtec.cat\/ceip-jrj\/wp-content\/uploads\/usu280\/2023\/12\/IMG_7074-1152x1536.jpg 1152w, https:\/\/agora.xtec.cat\/ceip-jrj\/wp-content\/uploads\/usu280\/2023\/12\/IMG_7074-1536x2048.jpg 1536w, https:\/\/agora.xtec.cat\/ceip-jrj\/wp-content\/uploads\/usu280\/2023\/12\/IMG_7074-scaled.jpg 1920w\" sizes=\"auto, (max-width: 192px) 100vw, 192px\" \/><\/a><\/p>\n<p>&nbsp;<\/p>\n<p>Com ja \u00e9s tradici\u00f3 l&#8217;Ajuntament de Martorell convida a l&#8217;alumnat de 2n i 6\u00e8 de totes les escoles del municipi a gaudir d&#8217;una sessi\u00f3 de patinatge a la pista de gel natural instal\u00b7lada a la pla\u00e7a de la Mare Caterina Coromina.<\/p>\n<p>Vam gaudir molt\u00edssim!<\/p>\n<h4 style=\"text-align: center;\"><a href=\"https:\/\/photos.app.goo.gl\/oPVygSGHgEcmm7gm9\">Galeria Fotogr\u00e0fica<\/a><\/h4>\n","protected":false},"excerpt":{"rendered":"<p>Com ja \u00e9s tradici\u00f3 l&#8217;Ajuntament de Martorell convida a l&#8217;alumnat de 2n i 6\u00e8 de totes les escoles del municipi a gaudir d&#8217;una sessi\u00f3 de patinatge.&hellip;  <a href=\"https:\/\/agora.xtec.cat\/ceip-jrj\/general\/patinar-sobre-el-gel-es-com-volar-sense-ales\/\" title=\"Read Patinar sobre el gel \u00e9s com volar sense ales!\">Llegeix m\u00e9s\u00bb<\/a><\/p>\n","protected":false},"author":9,"featured_media":6434,"comment_status":"closed","ping_status":"closed","sticky":false,"template":"","format":"standard","meta":{"_bbp_topic_count":0,"_bbp_reply_count":0,"_bbp_total_topic_count":0,"_bbp_total_reply_count":0,"_bbp_voice_count":0,"_bbp_anonymous_reply_count":0,"_bbp_topic_count_hidden":0,"_bbp_reply_count_hidden":0,"_bbp_forum_subforum_count":0,"footnotes":""},"categories":[11,15,1,4,5],"tags":[],"class_list":["post-6432","post","type-post","status-publish","format-standard","has-post-thumbnail","hentry","category-2n","category-6e","category-general","category-portada","category-primaria"],"post_mailing_queue_ids":[],"_links":{"self":[{"href":"https:\/\/agora.xtec.cat\/ceip-jrj\/wp-json\/wp\/v2\/posts\/6432","targetHints":{"allow":["GET"]}}],"collection":[{"href":"https:\/\/agora.xtec.cat\/ceip-jrj\/wp-json\/wp\/v2\/posts"}],"about":[{"href":"https:\/\/agora.xtec.cat\/ceip-jrj\/wp-json\/wp\/v2\/types\/post"}],"author":[{"embeddable":true,"href":"https:\/\/agora.xtec.cat\/ceip-jrj\/wp-json\/wp\/v2\/users\/9"}],"replies":[{"embeddable":true,"href":"https:\/\/agora.xtec.cat\/ceip-jrj\/wp-json\/wp\/v2\/comments?post=6432"}],"version-history":[{"count":2,"href":"https:\/\/agora.xtec.cat\/ceip-jrj\/wp-json\/wp\/v2\/posts\/6432\/revisions"}],"predecessor-version":[{"id":6437,"href":"https:\/\/agora.xtec.cat\/ceip-jrj\/wp-json\/wp\/v2\/posts\/6432\/revisions\/6437"}],"wp:featuredmedia":[{"embeddable":true,"href":"https:\/\/agora.xtec.cat\/ceip-jrj\/wp-json\/wp\/v2\/media\/6434"}],"wp:attachment":[{"href":"https:\/\/agora.xtec.cat\/ceip-jrj\/wp-json\/wp\/v2\/media?parent=6432"}],"wp:term":[{"taxonomy":"category","embeddable":true,"href":"https:\/\/agora.xtec.cat\/ceip-jrj\/wp-json\/wp\/v2\/categories?post=6432"},{"taxonomy":"post_tag","embeddable":true,"href":"https:\/\/agora.xtec.cat\/ceip-jrj\/wp-json\/wp\/v2\/tags?post=6432"}],"curies":[{"name":"wp","href":"https:\/\/api.w.org\/{rel}","templated":true}]}}