{"id":6409,"date":"2023-11-17T19:58:21","date_gmt":"2023-11-17T18:58:21","guid":{"rendered":"https:\/\/agora.xtec.cat\/ceip-jrj\/?p=6409"},"modified":"2023-11-17T20:01:53","modified_gmt":"2023-11-17T19:01:53","slug":"exposicio-muxart-color-i-composicio-oli-sobre-tela","status":"publish","type":"post","link":"https:\/\/agora.xtec.cat\/ceip-jrj\/general\/exposicio-muxart-color-i-composicio-oli-sobre-tela\/","title":{"rendered":"EXPOSICI\u00d3 &#8220;MUXART. COLOR I COMPOSICI\u00d3&#8221;. OLI SOBRE TELA."},"content":{"rendered":"<p><span style=\"font-weight: 400;\">Aquesta setmana, l\u2019alumnat de cinqu\u00e8 ha anat al Museu Muxart a gaudir de l\u2019exposici\u00f3 dedicada al pintor d\u2019aquest mateix espai, en Jaume Muxart.\u00a0<\/span><\/p>\n<p><span style=\"font-weight: 400;\">Primer, els han mostrat diferents obres de l\u2019artista analitzant aspectes importants d\u2019algunes de les obres com la t\u00e8cnica, el color, el missatge i les emocions que volia transmetre el pintor. Ells i elles han estat molt participatius dient idees, fent preguntes i gaudint una mica m\u00e9s de l\u2019art a trav\u00e9s d\u2019aquestes pintures.<\/span><\/p>\n<p><span style=\"font-weight: 400;\">Despr\u00e9s, han realitzat un taller de pintura a l&#8217;oli a la sala de l\u2019antiga Farm\u00e0cia Bujons. El taller consistia en con\u00e8ixer aquesta t\u00e8cnica que en Jaume Muxart utilitzava en les seves obres, \u00e9s a dir, fer servir pigments i oli per crear una obra d\u2019art pr\u00f2pia en un llen\u00e7.<\/span><\/p>\n<p>Per veure algunes imatges clia a <a href=\"https:\/\/photos.app.goo.gl\/b4nDZCFALX5BXWga8\"><em>GALERIA FOTOGR\u00c0FICA<\/em><\/a><\/p>\n","protected":false},"excerpt":{"rendered":"<p>Aquesta setmana, l\u2019alumnat de cinqu\u00e8 ha anat al Museu Muxart a gaudir de l\u2019exposici\u00f3 dedicada al pintor d\u2019aquest mateix espai, en Jaume Muxart.\u00a0<br \/>\nPrimer, els han mostrat diferents obres de l\u2019artista analitzant aspectes importants d\u2019algunes de les obres com la t\u00e8cnica, el color, el missatge i&hellip;  <a href=\"https:\/\/agora.xtec.cat\/ceip-jrj\/general\/exposicio-muxart-color-i-composicio-oli-sobre-tela\/\" title=\"Read EXPOSICI\u00d3 &#8220;MUXART. COLOR I COMPOSICI\u00d3&#8221;. OLI SOBRE TELA.\">Llegeix m\u00e9s\u00bb<\/a><\/p>\n","protected":false},"author":14,"featured_media":6410,"comment_status":"closed","ping_status":"closed","sticky":false,"template":"","format":"standard","meta":{"_bbp_topic_count":0,"_bbp_reply_count":0,"_bbp_total_topic_count":0,"_bbp_total_reply_count":0,"_bbp_voice_count":0,"_bbp_anonymous_reply_count":0,"_bbp_topic_count_hidden":0,"_bbp_reply_count_hidden":0,"_bbp_forum_subforum_count":0,"footnotes":""},"categories":[1,4],"tags":[],"class_list":["post-6409","post","type-post","status-publish","format-standard","has-post-thumbnail","hentry","category-general","category-portada"],"post_mailing_queue_ids":[],"_links":{"self":[{"href":"https:\/\/agora.xtec.cat\/ceip-jrj\/wp-json\/wp\/v2\/posts\/6409","targetHints":{"allow":["GET"]}}],"collection":[{"href":"https:\/\/agora.xtec.cat\/ceip-jrj\/wp-json\/wp\/v2\/posts"}],"about":[{"href":"https:\/\/agora.xtec.cat\/ceip-jrj\/wp-json\/wp\/v2\/types\/post"}],"author":[{"embeddable":true,"href":"https:\/\/agora.xtec.cat\/ceip-jrj\/wp-json\/wp\/v2\/users\/14"}],"replies":[{"embeddable":true,"href":"https:\/\/agora.xtec.cat\/ceip-jrj\/wp-json\/wp\/v2\/comments?post=6409"}],"version-history":[{"count":4,"href":"https:\/\/agora.xtec.cat\/ceip-jrj\/wp-json\/wp\/v2\/posts\/6409\/revisions"}],"predecessor-version":[{"id":6414,"href":"https:\/\/agora.xtec.cat\/ceip-jrj\/wp-json\/wp\/v2\/posts\/6409\/revisions\/6414"}],"wp:featuredmedia":[{"embeddable":true,"href":"https:\/\/agora.xtec.cat\/ceip-jrj\/wp-json\/wp\/v2\/media\/6410"}],"wp:attachment":[{"href":"https:\/\/agora.xtec.cat\/ceip-jrj\/wp-json\/wp\/v2\/media?parent=6409"}],"wp:term":[{"taxonomy":"category","embeddable":true,"href":"https:\/\/agora.xtec.cat\/ceip-jrj\/wp-json\/wp\/v2\/categories?post=6409"},{"taxonomy":"post_tag","embeddable":true,"href":"https:\/\/agora.xtec.cat\/ceip-jrj\/wp-json\/wp\/v2\/tags?post=6409"}],"curies":[{"name":"wp","href":"https:\/\/api.w.org\/{rel}","templated":true}]}}