{"id":6372,"date":"2023-11-03T19:45:12","date_gmt":"2023-11-03T18:45:12","guid":{"rendered":"https:\/\/agora.xtec.cat\/ceip-jrj\/?p=6372"},"modified":"2024-03-19T12:35:06","modified_gmt":"2024-03-19T11:35:06","slug":"celebrem-la-castanyada","status":"publish","type":"post","link":"https:\/\/agora.xtec.cat\/ceip-jrj\/general\/celebrem-la-castanyada\/","title":{"rendered":"Celebrem la castanyada"},"content":{"rendered":"<p style=\"text-align: left;\">Durant aquesta setmana hem fet activitats i manualitats en relaci\u00f3 a la tardor i a la castanyada.<\/p>\n<p><span style=\"font-weight: 400;\">Dimarts pel mat\u00ed, els m\u00e9s petits van fer un tastet de fruites sucoses de tardor. I a la tarda van rebre la visita de la Maria Castanyera i van gaudir plegats amb ella. <\/span><span style=\"font-weight: 400;\">Els m\u00e9s grans van fer activitats interdisciplin\u00e0ries i digitals entorn el tema de la tradici\u00f3 de la castanyada i el seu origen, van gaudir de tallers de Halloween i fins i tot van veure una exposici\u00f3 de carabasses monstruoses que l\u2019alumnat de sis\u00e8 havia creat. A la tarda tamb\u00e9 van baixar al pati a menjar castanyes i\/o fruits de temporada.<\/span><\/p>\n<p>Com ens agrada celebrar les nostres tradicions!<\/p>\n<p>Per veure les imatges clica a <a href=\"https:\/\/photos.app.goo.gl\/7DBDz2ifTvX6j6J66\">GALERIA FOTOGR\u00c0FICA<\/a><\/p>\n","protected":false},"excerpt":{"rendered":"<p>Durant aquesta setmana hem fet activitats i manualitats en relaci\u00f3 a la tardor i a la castanyada&hellip;  <a href=\"https:\/\/agora.xtec.cat\/ceip-jrj\/general\/celebrem-la-castanyada\/\" title=\"Read Celebrem la castanyada\">Llegeix m\u00e9s\u00bb<\/a><\/p>\n","protected":false},"author":14,"featured_media":6373,"comment_status":"closed","ping_status":"closed","sticky":false,"template":"","format":"standard","meta":{"_bbp_topic_count":0,"_bbp_reply_count":0,"_bbp_total_topic_count":0,"_bbp_total_reply_count":0,"_bbp_voice_count":0,"_bbp_anonymous_reply_count":0,"_bbp_topic_count_hidden":0,"_bbp_reply_count_hidden":0,"_bbp_forum_subforum_count":0,"footnotes":""},"categories":[1,4],"tags":[],"class_list":["post-6372","post","type-post","status-publish","format-standard","has-post-thumbnail","hentry","category-general","category-portada"],"post_mailing_queue_ids":[],"_links":{"self":[{"href":"https:\/\/agora.xtec.cat\/ceip-jrj\/wp-json\/wp\/v2\/posts\/6372","targetHints":{"allow":["GET"]}}],"collection":[{"href":"https:\/\/agora.xtec.cat\/ceip-jrj\/wp-json\/wp\/v2\/posts"}],"about":[{"href":"https:\/\/agora.xtec.cat\/ceip-jrj\/wp-json\/wp\/v2\/types\/post"}],"author":[{"embeddable":true,"href":"https:\/\/agora.xtec.cat\/ceip-jrj\/wp-json\/wp\/v2\/users\/14"}],"replies":[{"embeddable":true,"href":"https:\/\/agora.xtec.cat\/ceip-jrj\/wp-json\/wp\/v2\/comments?post=6372"}],"version-history":[{"count":6,"href":"https:\/\/agora.xtec.cat\/ceip-jrj\/wp-json\/wp\/v2\/posts\/6372\/revisions"}],"predecessor-version":[{"id":6671,"href":"https:\/\/agora.xtec.cat\/ceip-jrj\/wp-json\/wp\/v2\/posts\/6372\/revisions\/6671"}],"wp:featuredmedia":[{"embeddable":true,"href":"https:\/\/agora.xtec.cat\/ceip-jrj\/wp-json\/wp\/v2\/media\/6373"}],"wp:attachment":[{"href":"https:\/\/agora.xtec.cat\/ceip-jrj\/wp-json\/wp\/v2\/media?parent=6372"}],"wp:term":[{"taxonomy":"category","embeddable":true,"href":"https:\/\/agora.xtec.cat\/ceip-jrj\/wp-json\/wp\/v2\/categories?post=6372"},{"taxonomy":"post_tag","embeddable":true,"href":"https:\/\/agora.xtec.cat\/ceip-jrj\/wp-json\/wp\/v2\/tags?post=6372"}],"curies":[{"name":"wp","href":"https:\/\/api.w.org\/{rel}","templated":true}]}}