{"id":6365,"date":"2023-11-02T08:51:07","date_gmt":"2023-11-02T07:51:07","guid":{"rendered":"https:\/\/agora.xtec.cat\/ceip-jrj\/?p=6365"},"modified":"2023-11-02T08:51:07","modified_gmt":"2023-11-02T07:51:07","slug":"fem-panellets-a-can-montcau","status":"publish","type":"post","link":"https:\/\/agora.xtec.cat\/ceip-jrj\/general\/fem-panellets-a-can-montcau\/","title":{"rendered":"FEM PANELLETS A CAN MONTCAU!!!"},"content":{"rendered":"<p><span style=\"font-weight: 400;\">El passat dimarts 24 d\u2019octubre els infants d\u2019I4 i d\u2019I5 van gaudir d\u2019un dia ple de natura i tradicions a Can Montcau. En arribar van esmorzar i despr\u00e9s sabeu a qui es van trobar fent un passeig pel bosc, mentre recollien castanyes? No us ho creureu, per\u00f2 van trobar-se a la Maria Castanyera, a casa seva!!! Quina alegria, imagineu quina emoci\u00f3 en veure la nostra estimada Castanyera. Despr\u00e9s d\u2019aquesta estona tan bonica, els nens i les nenes van poder fer de cuiners, elaborant uns deliciosos panellets. Van passar tots plegats un dia divertit i emocionant! Si en voleu veure imatges d\u2019aquell dia tan especial, nom\u00e9s heu de fer <a href=\"https:\/\/photos.app.goo.gl\/ntbwHmQdhv83mLSf7\">clic aqu\u00ed<\/a> i a gaudir!<\/span><\/p>\n","protected":false},"excerpt":{"rendered":"<p>El passat dimarts 24 d\u2019octubre els infants d\u2019I4 i d\u2019I5 van gaudir d\u2019un dia ple de natura i tradicions a Can Montcau. En arribar van esmorzar i despr\u00e9s sabeu a qui es van trobar fent un passeig pel bosc, mentre recollien castanyes? No us ho&hellip;  <a href=\"https:\/\/agora.xtec.cat\/ceip-jrj\/general\/fem-panellets-a-can-montcau\/\" title=\"Read FEM PANELLETS A CAN MONTCAU!!!\">Llegeix m\u00e9s\u00bb<\/a><\/p>\n","protected":false},"author":11,"featured_media":6366,"comment_status":"closed","ping_status":"closed","sticky":false,"template":"","format":"standard","meta":{"_bbp_topic_count":0,"_bbp_reply_count":0,"_bbp_total_topic_count":0,"_bbp_total_reply_count":0,"_bbp_voice_count":0,"_bbp_anonymous_reply_count":0,"_bbp_topic_count_hidden":0,"_bbp_reply_count_hidden":0,"_bbp_forum_subforum_count":0,"footnotes":""},"categories":[1,2,4,5],"tags":[],"class_list":["post-6365","post","type-post","status-publish","format-standard","has-post-thumbnail","hentry","category-general","category-infantil","category-portada","category-primaria"],"post_mailing_queue_ids":[],"_links":{"self":[{"href":"https:\/\/agora.xtec.cat\/ceip-jrj\/wp-json\/wp\/v2\/posts\/6365","targetHints":{"allow":["GET"]}}],"collection":[{"href":"https:\/\/agora.xtec.cat\/ceip-jrj\/wp-json\/wp\/v2\/posts"}],"about":[{"href":"https:\/\/agora.xtec.cat\/ceip-jrj\/wp-json\/wp\/v2\/types\/post"}],"author":[{"embeddable":true,"href":"https:\/\/agora.xtec.cat\/ceip-jrj\/wp-json\/wp\/v2\/users\/11"}],"replies":[{"embeddable":true,"href":"https:\/\/agora.xtec.cat\/ceip-jrj\/wp-json\/wp\/v2\/comments?post=6365"}],"version-history":[{"count":1,"href":"https:\/\/agora.xtec.cat\/ceip-jrj\/wp-json\/wp\/v2\/posts\/6365\/revisions"}],"predecessor-version":[{"id":6367,"href":"https:\/\/agora.xtec.cat\/ceip-jrj\/wp-json\/wp\/v2\/posts\/6365\/revisions\/6367"}],"wp:featuredmedia":[{"embeddable":true,"href":"https:\/\/agora.xtec.cat\/ceip-jrj\/wp-json\/wp\/v2\/media\/6366"}],"wp:attachment":[{"href":"https:\/\/agora.xtec.cat\/ceip-jrj\/wp-json\/wp\/v2\/media?parent=6365"}],"wp:term":[{"taxonomy":"category","embeddable":true,"href":"https:\/\/agora.xtec.cat\/ceip-jrj\/wp-json\/wp\/v2\/categories?post=6365"},{"taxonomy":"post_tag","embeddable":true,"href":"https:\/\/agora.xtec.cat\/ceip-jrj\/wp-json\/wp\/v2\/tags?post=6365"}],"curies":[{"name":"wp","href":"https:\/\/api.w.org\/{rel}","templated":true}]}}