{"id":6306,"date":"2023-10-12T11:52:35","date_gmt":"2023-10-12T09:52:35","guid":{"rendered":"https:\/\/agora.xtec.cat\/ceip-jrj\/?p=6306"},"modified":"2023-10-12T11:52:35","modified_gmt":"2023-10-12T09:52:35","slug":"temps-de-verema-2","status":"publish","type":"post","link":"https:\/\/agora.xtec.cat\/ceip-jrj\/general\/temps-de-verema-2\/","title":{"rendered":"Temps de Verema!"},"content":{"rendered":"<p><a href=\"https:\/\/agora.xtec.cat\/ceip-jrj\/wp-content\/uploads\/usu280\/2023\/10\/portada-ok-copia.png\"><img loading=\"lazy\" decoding=\"async\" class=\"wp-image-6312 alignright\" src=\"https:\/\/agora.xtec.cat\/ceip-jrj\/wp-content\/uploads\/usu280\/2023\/10\/portada-ok-copia.png\" alt=\"\" width=\"173\" height=\"225\" srcset=\"https:\/\/agora.xtec.cat\/ceip-jrj\/wp-content\/uploads\/usu280\/2023\/10\/portada-ok-copia.png 716w, https:\/\/agora.xtec.cat\/ceip-jrj\/wp-content\/uploads\/usu280\/2023\/10\/portada-ok-copia-230x300.png 230w\" sizes=\"auto, (max-width: 173px) 100vw, 173px\" \/><\/a><\/p>\n<h4 style=\"text-align: center;\"><a href=\"https:\/\/agora.xtec.cat\/ceip-jrj\/wp-content\/uploads\/usu280\/2023\/10\/portada-ok-1.png\"><img loading=\"lazy\" decoding=\"async\" class=\"wp-image-6311 alignleft\" src=\"https:\/\/agora.xtec.cat\/ceip-jrj\/wp-content\/uploads\/usu280\/2023\/10\/portada-ok-1.png\" alt=\"\" width=\"170\" height=\"227\" srcset=\"https:\/\/agora.xtec.cat\/ceip-jrj\/wp-content\/uploads\/usu280\/2023\/10\/portada-ok-1.png 715w, https:\/\/agora.xtec.cat\/ceip-jrj\/wp-content\/uploads\/usu280\/2023\/10\/portada-ok-1-225x300.png 225w\" sizes=\"auto, (max-width: 170px) 100vw, 170px\" \/><\/a><\/h4>\n<p style=\"text-align: left;\">Les nenes i els nens de 2n nivell hem gaudit de tot el proc\u00e9s de la verema a la casa de col\u00f2nies Cal Mata en Saifores. Ja sabem una mica m\u00e9s del cep i les seves parts, de la cura de la vinya, de la recol\u00b7lecci\u00f3 i trepitjada del ra\u00efm per a l&#8217;elaboraci\u00f3 del most.<\/p>\n<p style=\"text-align: left;\"><span class=\"hiddenSpellError\">Ahhh<\/span><span class=\"hiddenGrammarError\">! i<\/span> tamb\u00e9 de les can\u00e7ons i danses que, tradicionalment, estan vinculades a aquesta activitat del camp.<\/p>\n<h4 style=\"text-align: center;\"><a href=\"https:\/\/photos.app.goo.gl\/XyRL2SXPj2tZ6qZR9\">Galeria fotogr\u00e0fica<\/a><\/h4>\n","protected":false},"excerpt":{"rendered":"<p>Les nenes i els nens de 2n nivell hem gaudit de tot el proc\u00e9s de la verema a la casa de col\u00f2nies Cal Mata en Saifores.&hellip;  <a href=\"https:\/\/agora.xtec.cat\/ceip-jrj\/general\/temps-de-verema-2\/\" title=\"Read Temps de Verema!\">Llegeix m\u00e9s\u00bb<\/a><\/p>\n","protected":false},"author":9,"featured_media":6307,"comment_status":"closed","ping_status":"closed","sticky":false,"template":"","format":"standard","meta":{"_bbp_topic_count":0,"_bbp_reply_count":0,"_bbp_total_topic_count":0,"_bbp_total_reply_count":0,"_bbp_voice_count":0,"_bbp_anonymous_reply_count":0,"_bbp_topic_count_hidden":0,"_bbp_reply_count_hidden":0,"_bbp_forum_subforum_count":0,"footnotes":""},"categories":[11,1,4,5],"tags":[],"class_list":["post-6306","post","type-post","status-publish","format-standard","has-post-thumbnail","hentry","category-2n","category-general","category-portada","category-primaria"],"post_mailing_queue_ids":[],"_links":{"self":[{"href":"https:\/\/agora.xtec.cat\/ceip-jrj\/wp-json\/wp\/v2\/posts\/6306","targetHints":{"allow":["GET"]}}],"collection":[{"href":"https:\/\/agora.xtec.cat\/ceip-jrj\/wp-json\/wp\/v2\/posts"}],"about":[{"href":"https:\/\/agora.xtec.cat\/ceip-jrj\/wp-json\/wp\/v2\/types\/post"}],"author":[{"embeddable":true,"href":"https:\/\/agora.xtec.cat\/ceip-jrj\/wp-json\/wp\/v2\/users\/9"}],"replies":[{"embeddable":true,"href":"https:\/\/agora.xtec.cat\/ceip-jrj\/wp-json\/wp\/v2\/comments?post=6306"}],"version-history":[{"count":4,"href":"https:\/\/agora.xtec.cat\/ceip-jrj\/wp-json\/wp\/v2\/posts\/6306\/revisions"}],"predecessor-version":[{"id":6316,"href":"https:\/\/agora.xtec.cat\/ceip-jrj\/wp-json\/wp\/v2\/posts\/6306\/revisions\/6316"}],"wp:featuredmedia":[{"embeddable":true,"href":"https:\/\/agora.xtec.cat\/ceip-jrj\/wp-json\/wp\/v2\/media\/6307"}],"wp:attachment":[{"href":"https:\/\/agora.xtec.cat\/ceip-jrj\/wp-json\/wp\/v2\/media?parent=6306"}],"wp:term":[{"taxonomy":"category","embeddable":true,"href":"https:\/\/agora.xtec.cat\/ceip-jrj\/wp-json\/wp\/v2\/categories?post=6306"},{"taxonomy":"post_tag","embeddable":true,"href":"https:\/\/agora.xtec.cat\/ceip-jrj\/wp-json\/wp\/v2\/tags?post=6306"}],"curies":[{"name":"wp","href":"https:\/\/api.w.org\/{rel}","templated":true}]}}