{"id":6303,"date":"2023-11-08T08:49:26","date_gmt":"2023-11-08T07:49:26","guid":{"rendered":"https:\/\/agora.xtec.cat\/ceip-jrj\/?p=6303"},"modified":"2024-03-19T12:34:28","modified_gmt":"2024-03-19T11:34:28","slug":"primera-tanda-teatre-escolar-cs-lumiere-de-txema-munoz","status":"publish","type":"post","link":"https:\/\/agora.xtec.cat\/ceip-jrj\/general\/primera-tanda-teatre-escolar-cs-lumiere-de-txema-munoz\/","title":{"rendered":"Visca el teatre! Primera tanda de teatre escolar."},"content":{"rendered":"<p>L&#8217;alumnat de l&#8217;escola ha pogut gaudir de la primera representaci\u00f3 de la Campanya de teatre escolar del nostre municipi al teatre el Progr\u00e9s.<\/p>\n<p>Cicle Infantil: L&#8217;obra <strong><em>&#8220;<span class=\"hiddenGrammarError\">Alma<\/span>&#8220;<\/em><\/strong> de la companyia\u00a0<span class=\"hiddenSpellError\">LaB\u00fa<\/span>\u00a0Teatre va ser un espectacle envoltat de m\u00e0gia i m\u00fasica.<\/p>\n<p>Cicle Inicial: L&#8217;obra <strong><em>&#8220;<span class=\"hiddenSpellError\">Bianco<\/span>&#8220;<\/em> <\/strong>a c\u00e0rrec de la companyia\u00a0<span class=\"hiddenSpellError\">LaB\u00fa<\/span>\u00a0Teatre va resultar un espectacle ple de sorpreses on la trobada dels protagonistes ens va portar a un viatge meravell\u00f3s.<\/p>\n<p>Cicle Mitj\u00e0: L&#8217;obra <strong><em>&#8220;K\u00e0tia&#8221;<\/em><\/strong> de la companyia\u00a0<span class=\"hiddenSpellError\">Kateatre<\/span>, ens va portar a fer un viatge molt emotiu d&#8217;una mare i la seva filla per trobar els or\u00edgens de la petita.<\/p>\n<p>Cicle Superior: L&#8217;obra <em><strong>&#8220;Lumi\u00e8re&#8221;<\/strong><\/em>, de <span class=\"hiddenSpellError\">Txema<\/span>\u00a0Mu\u00f1oz. Un espectacle que barreja secrets de la m\u00e0gia, t\u00e8cniques de mim i emocions del clown. Una bombeta, una jaqueta i la seva motxilla ens transporten a un lloc m\u00e0gic, entranyable i c\u00f2mic.<\/p>\n<h4 style=\"text-align: center;\"><a href=\"https:\/\/photos.app.goo.gl\/VDQYg9bm4qZrPYYV6\"><strong>GALERIA FOTOGR\u00c0FICA<\/strong><\/a><\/h4>\n","protected":false},"excerpt":{"rendered":"<p>L&#8217;alumnat de l&#8217;escola ha pogut gaudir de la primera representaci\u00f3 de la Campanya de teatre escolar del nostre municipi al teatre el Progr\u00e9s.&hellip;  <a href=\"https:\/\/agora.xtec.cat\/ceip-jrj\/general\/primera-tanda-teatre-escolar-cs-lumiere-de-txema-munoz\/\" title=\"Read Visca el teatre! Primera tanda de teatre escolar.\">Llegeix m\u00e9s\u00bb<\/a><\/p>\n","protected":false},"author":14,"featured_media":6305,"comment_status":"closed","ping_status":"closed","sticky":false,"template":"","format":"standard","meta":{"_bbp_topic_count":0,"_bbp_reply_count":0,"_bbp_total_topic_count":0,"_bbp_total_reply_count":0,"_bbp_voice_count":0,"_bbp_anonymous_reply_count":0,"_bbp_topic_count_hidden":0,"_bbp_reply_count_hidden":0,"_bbp_forum_subforum_count":0,"footnotes":""},"categories":[1,2,4,5],"tags":[],"class_list":["post-6303","post","type-post","status-publish","format-standard","has-post-thumbnail","hentry","category-general","category-infantil","category-portada","category-primaria"],"post_mailing_queue_ids":[],"_links":{"self":[{"href":"https:\/\/agora.xtec.cat\/ceip-jrj\/wp-json\/wp\/v2\/posts\/6303","targetHints":{"allow":["GET"]}}],"collection":[{"href":"https:\/\/agora.xtec.cat\/ceip-jrj\/wp-json\/wp\/v2\/posts"}],"about":[{"href":"https:\/\/agora.xtec.cat\/ceip-jrj\/wp-json\/wp\/v2\/types\/post"}],"author":[{"embeddable":true,"href":"https:\/\/agora.xtec.cat\/ceip-jrj\/wp-json\/wp\/v2\/users\/14"}],"replies":[{"embeddable":true,"href":"https:\/\/agora.xtec.cat\/ceip-jrj\/wp-json\/wp\/v2\/comments?post=6303"}],"version-history":[{"count":5,"href":"https:\/\/agora.xtec.cat\/ceip-jrj\/wp-json\/wp\/v2\/posts\/6303\/revisions"}],"predecessor-version":[{"id":6386,"href":"https:\/\/agora.xtec.cat\/ceip-jrj\/wp-json\/wp\/v2\/posts\/6303\/revisions\/6386"}],"wp:featuredmedia":[{"embeddable":true,"href":"https:\/\/agora.xtec.cat\/ceip-jrj\/wp-json\/wp\/v2\/media\/6305"}],"wp:attachment":[{"href":"https:\/\/agora.xtec.cat\/ceip-jrj\/wp-json\/wp\/v2\/media?parent=6303"}],"wp:term":[{"taxonomy":"category","embeddable":true,"href":"https:\/\/agora.xtec.cat\/ceip-jrj\/wp-json\/wp\/v2\/categories?post=6303"},{"taxonomy":"post_tag","embeddable":true,"href":"https:\/\/agora.xtec.cat\/ceip-jrj\/wp-json\/wp\/v2\/tags?post=6303"}],"curies":[{"name":"wp","href":"https:\/\/api.w.org\/{rel}","templated":true}]}}