{"id":6293,"date":"2023-10-09T17:06:31","date_gmt":"2023-10-09T15:06:31","guid":{"rendered":"https:\/\/agora.xtec.cat\/ceip-jrj\/?p=6293"},"modified":"2023-10-09T17:06:32","modified_gmt":"2023-10-09T15:06:32","slug":"cros-escolar-festes-del-roser","status":"publish","type":"post","link":"https:\/\/agora.xtec.cat\/ceip-jrj\/general\/cros-escolar-festes-del-roser\/","title":{"rendered":"Cros escolar Festes del Roser"},"content":{"rendered":"<p>El passat 8 d&#8217;octubre s&#8217;ha celebrat al complex esportiu Torrent de Llops el &#8220;XIV Cros escolar festes del Roser&#8221;.<\/p>\n<p>Alguns alumnes de l&#8217;escola hi van participar, fins i tot, alguns d&#8217;ells van pujar al p\u00f2dium i es van endur a casa alguna copa i medalla.<\/p>\n<p>Gr\u00e0cies a la seva participaci\u00f3, la nostra escola tamb\u00e9 ha rebut un premi a la participaci\u00f3.<\/p>\n<p>Seguiu corrent esportistes! L&#8217;esport \u00e9s saludable!<\/p>\n<p><a href=\"https:\/\/agora.xtec.cat\/ceip-jrj\/general\/cros-escolar-festes-del-roser\/attachment\/img_5568\/\" rel=\"attachment wp-att-6296\"><img loading=\"lazy\" decoding=\"async\" class=\"size-full wp-image-6296 aligncenter\" src=\"https:\/\/agora.xtec.cat\/ceip-jrj\/wp-content\/uploads\/usu280\/2023\/10\/Img_5568.jpg\" alt=\"\" width=\"981\" height=\"735\" srcset=\"https:\/\/agora.xtec.cat\/ceip-jrj\/wp-content\/uploads\/usu280\/2023\/10\/Img_5568.jpg 981w, https:\/\/agora.xtec.cat\/ceip-jrj\/wp-content\/uploads\/usu280\/2023\/10\/Img_5568-300x225.jpg 300w, https:\/\/agora.xtec.cat\/ceip-jrj\/wp-content\/uploads\/usu280\/2023\/10\/Img_5568-768x575.jpg 768w, https:\/\/agora.xtec.cat\/ceip-jrj\/wp-content\/uploads\/usu280\/2023\/10\/Img_5568-200x150.jpg 200w\" sizes=\"auto, (max-width: 981px) 100vw, 981px\" \/><\/a><\/p>\n","protected":false},"excerpt":{"rendered":"<p>El passat 8 d&#8217;octubre s&#8217;ha celebrat al complex esportiu Torrent de Llops el &#8220;XIV Cros escolar festes del Roser&#8221;.<br \/>\nAlguns alumnes de l&#8217;escola hi van participar, fins i tot, alguns d&#8217;ells van pujar al p\u00f2dium i es van endur a casa alguna copa i medalla.<br \/>\nGr\u00e0cies a&hellip;  <a href=\"https:\/\/agora.xtec.cat\/ceip-jrj\/general\/cros-escolar-festes-del-roser\/\" title=\"Read Cros escolar Festes del Roser\">Llegeix m\u00e9s\u00bb<\/a><\/p>\n","protected":false},"author":1,"featured_media":6294,"comment_status":"open","ping_status":"closed","sticky":false,"template":"","format":"standard","meta":{"_bbp_topic_count":0,"_bbp_reply_count":0,"_bbp_total_topic_count":0,"_bbp_total_reply_count":0,"_bbp_voice_count":0,"_bbp_anonymous_reply_count":0,"_bbp_topic_count_hidden":0,"_bbp_reply_count_hidden":0,"_bbp_forum_subforum_count":0,"footnotes":""},"categories":[1,4],"tags":[],"class_list":["post-6293","post","type-post","status-publish","format-standard","has-post-thumbnail","hentry","category-general","category-portada"],"post_mailing_queue_ids":[],"_links":{"self":[{"href":"https:\/\/agora.xtec.cat\/ceip-jrj\/wp-json\/wp\/v2\/posts\/6293","targetHints":{"allow":["GET"]}}],"collection":[{"href":"https:\/\/agora.xtec.cat\/ceip-jrj\/wp-json\/wp\/v2\/posts"}],"about":[{"href":"https:\/\/agora.xtec.cat\/ceip-jrj\/wp-json\/wp\/v2\/types\/post"}],"author":[{"embeddable":true,"href":"https:\/\/agora.xtec.cat\/ceip-jrj\/wp-json\/wp\/v2\/users\/1"}],"replies":[{"embeddable":true,"href":"https:\/\/agora.xtec.cat\/ceip-jrj\/wp-json\/wp\/v2\/comments?post=6293"}],"version-history":[{"count":2,"href":"https:\/\/agora.xtec.cat\/ceip-jrj\/wp-json\/wp\/v2\/posts\/6293\/revisions"}],"predecessor-version":[{"id":6298,"href":"https:\/\/agora.xtec.cat\/ceip-jrj\/wp-json\/wp\/v2\/posts\/6293\/revisions\/6298"}],"wp:featuredmedia":[{"embeddable":true,"href":"https:\/\/agora.xtec.cat\/ceip-jrj\/wp-json\/wp\/v2\/media\/6294"}],"wp:attachment":[{"href":"https:\/\/agora.xtec.cat\/ceip-jrj\/wp-json\/wp\/v2\/media?parent=6293"}],"wp:term":[{"taxonomy":"category","embeddable":true,"href":"https:\/\/agora.xtec.cat\/ceip-jrj\/wp-json\/wp\/v2\/categories?post=6293"},{"taxonomy":"post_tag","embeddable":true,"href":"https:\/\/agora.xtec.cat\/ceip-jrj\/wp-json\/wp\/v2\/tags?post=6293"}],"curies":[{"name":"wp","href":"https:\/\/api.w.org\/{rel}","templated":true}]}}