{"id":6284,"date":"2023-10-05T16:11:58","date_gmt":"2023-10-05T14:11:58","guid":{"rendered":"https:\/\/agora.xtec.cat\/ceip-jrj\/?p=6284"},"modified":"2023-10-05T16:17:48","modified_gmt":"2023-10-05T14:17:48","slug":"delegades-i-delegats-23-24","status":"publish","type":"post","link":"https:\/\/agora.xtec.cat\/ceip-jrj\/general\/delegades-i-delegats-23-24\/","title":{"rendered":"Delegades i delegats 23-24"},"content":{"rendered":"<p>Ja hem comen\u00e7at el curs, per\u00f2 no pod\u00edem seguir endavant sense tenir les nostres delegades i delegats d&#8217;enguany.<\/p>\n<p>Per arribar fins aqu\u00ed no han tingut una tasca f\u00e0cil! Han hagut de perdre la vergonya, presentar una candidatura amb un p\u00f2ster i defensar davant del seu grup classe per qu\u00e8 elles\/s s\u00f3n unes\/s bones\/s representants del seu grup classe.<\/p>\n<p>Per fer-los les fotos hem triat el gimn\u00e0s perqu\u00e8 aquest estiu ens l&#8217;han deixat molt bonic.<\/p>\n<p>I aqu\u00ed els tenim&#8230; S\u00f3n les noves delegades i delegats del curs escolar 2023-2024. No deixeu de coneixe&#8217;ls.<\/p>\n<div style=\"width: 100%;\">\n<div style=\"position: relative; padding-bottom: 78.53%; padding-top: 0; height: 0;\"><iframe loading=\"lazy\" title=\"Imagen interactiva\" frameborder=\"0\" width=\"1146\" height=\"900\" style=\"position: absolute; top: 0; left: 0; width: 100%; height: 100%;\" src=\"https:\/\/view.genial.ly\/651ebbf66b394d0011c6add4\" type=\"text\/html\" allowscriptaccess=\"always\" allowfullscreen=\"true\" scrolling=\"yes\" allownetworking=\"all\"><\/iframe> <\/div>\n<\/p><\/div>\n<p>&nbsp;<\/p>\n","protected":false},"excerpt":{"rendered":"<p>Ja hem comen\u00e7at el curs, per\u00f2 no pod\u00edem seguir endavant sense tenir les nostres delegades i delegats d&#8217;enguany.<br \/>\nPer arribar fins aqu\u00ed no han tingut una tasca f\u00e0cil! Han hagut de perdre la vergonya, presentar una candidatura amb un p\u00f2ster i defensar davant del seu grup&hellip;  <a href=\"https:\/\/agora.xtec.cat\/ceip-jrj\/general\/delegades-i-delegats-23-24\/\" title=\"Read Delegades i delegats 23-24\">Llegeix m\u00e9s\u00bb<\/a><\/p>\n","protected":false},"author":1,"featured_media":6285,"comment_status":"open","ping_status":"closed","sticky":false,"template":"","format":"standard","meta":{"_bbp_topic_count":0,"_bbp_reply_count":0,"_bbp_total_topic_count":0,"_bbp_total_reply_count":0,"_bbp_voice_count":0,"_bbp_anonymous_reply_count":0,"_bbp_topic_count_hidden":0,"_bbp_reply_count_hidden":0,"_bbp_forum_subforum_count":0,"footnotes":""},"categories":[1,4],"tags":[],"class_list":["post-6284","post","type-post","status-publish","format-standard","has-post-thumbnail","hentry","category-general","category-portada"],"post_mailing_queue_ids":[],"_links":{"self":[{"href":"https:\/\/agora.xtec.cat\/ceip-jrj\/wp-json\/wp\/v2\/posts\/6284","targetHints":{"allow":["GET"]}}],"collection":[{"href":"https:\/\/agora.xtec.cat\/ceip-jrj\/wp-json\/wp\/v2\/posts"}],"about":[{"href":"https:\/\/agora.xtec.cat\/ceip-jrj\/wp-json\/wp\/v2\/types\/post"}],"author":[{"embeddable":true,"href":"https:\/\/agora.xtec.cat\/ceip-jrj\/wp-json\/wp\/v2\/users\/1"}],"replies":[{"embeddable":true,"href":"https:\/\/agora.xtec.cat\/ceip-jrj\/wp-json\/wp\/v2\/comments?post=6284"}],"version-history":[{"count":2,"href":"https:\/\/agora.xtec.cat\/ceip-jrj\/wp-json\/wp\/v2\/posts\/6284\/revisions"}],"predecessor-version":[{"id":6287,"href":"https:\/\/agora.xtec.cat\/ceip-jrj\/wp-json\/wp\/v2\/posts\/6284\/revisions\/6287"}],"wp:featuredmedia":[{"embeddable":true,"href":"https:\/\/agora.xtec.cat\/ceip-jrj\/wp-json\/wp\/v2\/media\/6285"}],"wp:attachment":[{"href":"https:\/\/agora.xtec.cat\/ceip-jrj\/wp-json\/wp\/v2\/media?parent=6284"}],"wp:term":[{"taxonomy":"category","embeddable":true,"href":"https:\/\/agora.xtec.cat\/ceip-jrj\/wp-json\/wp\/v2\/categories?post=6284"},{"taxonomy":"post_tag","embeddable":true,"href":"https:\/\/agora.xtec.cat\/ceip-jrj\/wp-json\/wp\/v2\/tags?post=6284"}],"curies":[{"name":"wp","href":"https:\/\/api.w.org\/{rel}","templated":true}]}}