{"id":6280,"date":"2023-10-02T17:18:18","date_gmt":"2023-10-02T15:18:18","guid":{"rendered":"https:\/\/agora.xtec.cat\/ceip-jrj\/?p=6280"},"modified":"2023-11-08T20:43:35","modified_gmt":"2023-11-08T19:43:35","slug":"camp-daprenentatge-el-nostre-amic-el-sol-2","status":"publish","type":"post","link":"https:\/\/agora.xtec.cat\/ceip-jrj\/general\/camp-daprenentatge-el-nostre-amic-el-sol-2\/","title":{"rendered":"CAMP D&#8217;APRENENTATGE EL NOSTRE AMIC EL SOL"},"content":{"rendered":"<p><span style=\"font-weight: 400;\">L&#8217;alumnat de cinqu\u00e8 ha anat al camp d&#8217;aprenentatge Can Santoi a\u00a0 experimentar amb l\u2019energia <\/span><b>d<\/b><a href=\"https:\/\/serveiseducatius.xtec.cat\/cda-cansantoi\/ambits\/recursos-del-medi-i-sostenibilitat\/el-nostre-amic-el-sol\/\"><b>el nostre amic el Sol<\/b><\/a><b>.<\/b><\/p>\n<p><span style=\"font-weight: 400;\">En arribar\u00a0 al Camp d\u2019aprenentatge han apr\u00e8s sobre els diferents tipus de raigs que ens envia el Sol i la seva utilitat. Tamb\u00e9 han descobert la influ\u00e8ncia de l\u2019efecte hivernacle i del color negre sobre la temperatura. Han demostrat ser uns grans coneixedors de l\u2019energia.<\/span><\/p>\n<p><span style=\"font-weight: 400;\">Els alumnes han realitzat 3 tallers, <\/span><span style=\"font-weight: 400;\">per una banda han vist <\/span><span style=\"font-weight: 400;\">el funcionament\u00a0 de les <\/span><b>plaques fotovoltaiques <\/b><b>\u00a0<\/b><span style=\"font-weight: 400;\">a partir de convertir la llum del Sol en electricitat muntant un senzill circuit el\u00e8ctric. Per un altra banda<\/span><b>, <\/b><span style=\"font-weight: 400;\">la<\/span> <a href=\"https:\/\/serveiseducatius.xtec.cat\/cda-cansantoi\/articles-energia-solar\/la-cuina-solar\/\"><b>cuina solar parab\u00f2lica<\/b><\/a><b>, <\/b><span style=\"font-weight: 400;\">uns altres companys i companyes han fabricat uns <\/span><a href=\"https:\/\/serveiseducatius.xtec.cat\/cda-cansantoi\/portada\/col%c2%b7lectors-solars\/\"><b>col\u00b7lectors solars<\/b><\/a> <span style=\"font-weight: 400;\">i han comprovat com les m\u00e0negues de color negre escalfaven l\u2019aigua.\u00a0<\/span><\/p>\n<p>Cliqueu a <a href=\"https:\/\/photos.app.goo.gl\/J6ZRTf4aeTffKU8a8\">GALERIA FOTOGR\u00c0FICA<\/a><\/p>\n","protected":false},"excerpt":{"rendered":"<p>L&#8217;alumnat de cinqu\u00e8 ha anat al camp d&#8217;aprenentatge Can Santoi a\u00a0 experimentar amb l\u2019energia d<a href=\"https:\/\/serveiseducatius.xtec.cat\/cda-cansantoi\/ambits\/recursos-del-medi-i-sostenibilitat\/el-nostre-amic-el-sol\/\">el nostre amic el Sol<\/a>.<br \/>\nEn arribar\u00a0 al Camp d\u2019aprenentatge han apr\u00e8s sobre els diferents tipus de raigs que ens envia el Sol i la seva utilitat. Tamb\u00e9 han descobert la&hellip;  <a href=\"https:\/\/agora.xtec.cat\/ceip-jrj\/general\/camp-daprenentatge-el-nostre-amic-el-sol-2\/\" title=\"Read CAMP D&#8217;APRENENTATGE EL NOSTRE AMIC EL SOL\">Llegeix m\u00e9s\u00bb<\/a><\/p>\n","protected":false},"author":14,"featured_media":6281,"comment_status":"closed","ping_status":"closed","sticky":false,"template":"","format":"standard","meta":{"_bbp_topic_count":0,"_bbp_reply_count":0,"_bbp_total_topic_count":0,"_bbp_total_reply_count":0,"_bbp_voice_count":0,"_bbp_anonymous_reply_count":0,"_bbp_topic_count_hidden":0,"_bbp_reply_count_hidden":0,"_bbp_forum_subforum_count":0,"footnotes":""},"categories":[1,4],"tags":[],"class_list":["post-6280","post","type-post","status-publish","format-standard","has-post-thumbnail","hentry","category-general","category-portada"],"post_mailing_queue_ids":[],"_links":{"self":[{"href":"https:\/\/agora.xtec.cat\/ceip-jrj\/wp-json\/wp\/v2\/posts\/6280","targetHints":{"allow":["GET"]}}],"collection":[{"href":"https:\/\/agora.xtec.cat\/ceip-jrj\/wp-json\/wp\/v2\/posts"}],"about":[{"href":"https:\/\/agora.xtec.cat\/ceip-jrj\/wp-json\/wp\/v2\/types\/post"}],"author":[{"embeddable":true,"href":"https:\/\/agora.xtec.cat\/ceip-jrj\/wp-json\/wp\/v2\/users\/14"}],"replies":[{"embeddable":true,"href":"https:\/\/agora.xtec.cat\/ceip-jrj\/wp-json\/wp\/v2\/comments?post=6280"}],"version-history":[{"count":1,"href":"https:\/\/agora.xtec.cat\/ceip-jrj\/wp-json\/wp\/v2\/posts\/6280\/revisions"}],"predecessor-version":[{"id":6282,"href":"https:\/\/agora.xtec.cat\/ceip-jrj\/wp-json\/wp\/v2\/posts\/6280\/revisions\/6282"}],"wp:featuredmedia":[{"embeddable":true,"href":"https:\/\/agora.xtec.cat\/ceip-jrj\/wp-json\/wp\/v2\/media\/6281"}],"wp:attachment":[{"href":"https:\/\/agora.xtec.cat\/ceip-jrj\/wp-json\/wp\/v2\/media?parent=6280"}],"wp:term":[{"taxonomy":"category","embeddable":true,"href":"https:\/\/agora.xtec.cat\/ceip-jrj\/wp-json\/wp\/v2\/categories?post=6280"},{"taxonomy":"post_tag","embeddable":true,"href":"https:\/\/agora.xtec.cat\/ceip-jrj\/wp-json\/wp\/v2\/tags?post=6280"}],"curies":[{"name":"wp","href":"https:\/\/api.w.org\/{rel}","templated":true}]}}