{"id":6260,"date":"2023-09-18T17:35:28","date_gmt":"2023-09-18T15:35:28","guid":{"rendered":"https:\/\/agora.xtec.cat\/ceip-jrj\/?p=6260"},"modified":"2023-11-08T20:43:56","modified_gmt":"2023-11-08T19:43:56","slug":"camp-daprenentatge-a-la-colonia-guell","status":"publish","type":"post","link":"https:\/\/agora.xtec.cat\/ceip-jrj\/general\/camp-daprenentatge-a-la-colonia-guell\/","title":{"rendered":"CAMP D\u2019APRENENTATGE\u00a0A LA COL\u00d2NIA G\u00dcELL"},"content":{"rendered":"<p><span style=\"font-weight: 400;\">L\u2019alumnat de sis\u00e8 ha anat a la Col\u00f2nia G\u00fcell a Santa Coloma de Cervell\u00f3 per a <\/span><span style=\"font-weight: 400;\">desenvolupar un projecte de treball en refer\u00e8ncia a la Col\u00f2nia G\u00fcell i al moviment del modernisme catal\u00e0.\u00a0<\/span><\/p>\n<p><span style=\"font-weight: 400;\">Inicialment, en grups han fet una gimcana per a con\u00e8ixer tots i cadascun dels indrets de la col\u00f2nia, i com era la vida dels seus habitants, tot gaudint de l\u2019atmosfera del segle XIX tan present en els seus carrers. Despr\u00e9s han visitat la cripta, obra d\u2019<\/span><a href=\"https:\/\/es.wikipedia.org\/wiki\/Antoni_Gaud%C3%AD\"><span style=\"font-weight: 400;\">Antoni Gaud\u00ed<\/span><\/a><span style=\"font-weight: 400;\">, constru\u00efda entre 1898 y 1914 per enc\u00e0rrec de l\u2019<\/span><a href=\"https:\/\/es.wikipedia.org\/wiki\/Empresario\"><span style=\"font-weight: 400;\">empresari<\/span><\/a> <a href=\"https:\/\/es.wikipedia.org\/wiki\/Eusebi_G%C3%BCell\"><span style=\"font-weight: 400;\">Eusebi G\u00fcell<\/span><\/a><span style=\"font-weight: 400;\"> com edifici religi\u00f3s pels treballadors de la col\u00f2nia.<\/span><\/p>\n<p>Per veure les fotos clica a <a href=\"https:\/\/photos.app.goo.gl\/x9Y5zeBDXjemm9se9\">GALERIA<\/a><\/p>\n","protected":false},"excerpt":{"rendered":"<p>L\u2019alumnat de sis\u00e8 ha anat a la Col\u00f2nia G\u00fcell a Santa Coloma de Cervell\u00f3 per a desenvolupar un projecte de treball en refer\u00e8ncia a la Col\u00f2nia G\u00fcell i al moviment del modernisme catal\u00e0.\u00a0<br \/>\nInicialment, en grups han fet una gimcana per a con\u00e8ixer tots i cadascun&hellip;  <a href=\"https:\/\/agora.xtec.cat\/ceip-jrj\/general\/camp-daprenentatge-a-la-colonia-guell\/\" title=\"Read CAMP D\u2019APRENENTATGE\u00a0A LA COL\u00d2NIA G\u00dcELL\">Llegeix m\u00e9s\u00bb<\/a><\/p>\n","protected":false},"author":14,"featured_media":6261,"comment_status":"closed","ping_status":"closed","sticky":false,"template":"","format":"standard","meta":{"_bbp_topic_count":0,"_bbp_reply_count":0,"_bbp_total_topic_count":0,"_bbp_total_reply_count":0,"_bbp_voice_count":0,"_bbp_anonymous_reply_count":0,"_bbp_topic_count_hidden":0,"_bbp_reply_count_hidden":0,"_bbp_forum_subforum_count":0,"footnotes":""},"categories":[1,4,5],"tags":[],"class_list":["post-6260","post","type-post","status-publish","format-standard","has-post-thumbnail","hentry","category-general","category-portada","category-primaria"],"post_mailing_queue_ids":[],"_links":{"self":[{"href":"https:\/\/agora.xtec.cat\/ceip-jrj\/wp-json\/wp\/v2\/posts\/6260","targetHints":{"allow":["GET"]}}],"collection":[{"href":"https:\/\/agora.xtec.cat\/ceip-jrj\/wp-json\/wp\/v2\/posts"}],"about":[{"href":"https:\/\/agora.xtec.cat\/ceip-jrj\/wp-json\/wp\/v2\/types\/post"}],"author":[{"embeddable":true,"href":"https:\/\/agora.xtec.cat\/ceip-jrj\/wp-json\/wp\/v2\/users\/14"}],"replies":[{"embeddable":true,"href":"https:\/\/agora.xtec.cat\/ceip-jrj\/wp-json\/wp\/v2\/comments?post=6260"}],"version-history":[{"count":2,"href":"https:\/\/agora.xtec.cat\/ceip-jrj\/wp-json\/wp\/v2\/posts\/6260\/revisions"}],"predecessor-version":[{"id":6263,"href":"https:\/\/agora.xtec.cat\/ceip-jrj\/wp-json\/wp\/v2\/posts\/6260\/revisions\/6263"}],"wp:featuredmedia":[{"embeddable":true,"href":"https:\/\/agora.xtec.cat\/ceip-jrj\/wp-json\/wp\/v2\/media\/6261"}],"wp:attachment":[{"href":"https:\/\/agora.xtec.cat\/ceip-jrj\/wp-json\/wp\/v2\/media?parent=6260"}],"wp:term":[{"taxonomy":"category","embeddable":true,"href":"https:\/\/agora.xtec.cat\/ceip-jrj\/wp-json\/wp\/v2\/categories?post=6260"},{"taxonomy":"post_tag","embeddable":true,"href":"https:\/\/agora.xtec.cat\/ceip-jrj\/wp-json\/wp\/v2\/tags?post=6260"}],"curies":[{"name":"wp","href":"https:\/\/api.w.org\/{rel}","templated":true}]}}