{"id":6221,"date":"2023-06-13T09:00:57","date_gmt":"2023-06-13T07:00:57","guid":{"rendered":"https:\/\/agora.xtec.cat\/ceip-jrj\/?p=6221"},"modified":"2023-06-13T09:00:57","modified_gmt":"2023-06-13T07:00:57","slug":"la-jana-fernandez-ens-visita","status":"publish","type":"post","link":"https:\/\/agora.xtec.cat\/ceip-jrj\/general\/la-jana-fernandez-ens-visita\/","title":{"rendered":"La Jana Fern\u00e0ndez ens visita!!!"},"content":{"rendered":"<p>La Jana Fern\u00e0ndez, jugadora del futbol Club Barcelona de la primera divisi\u00f3 d&#8217;Espanya, ens ha visitat a totes les classes de l&#8217;escola. Els m\u00e9s grans li han fet una entrevista. Gr\u00e0cies Jana!! Ens ha encantat con\u00e8ixe&#8217;t!<\/p>\n<p>&nbsp;<\/p>\n<p>Clica a <a href=\"https:\/\/photos.app.goo.gl\/3MY88Rkj1moLJYMX6\">GALERIA FOTOGR\u00c0FICA<\/a><\/p>\n","protected":false},"excerpt":{"rendered":"<p>La Jana Fern\u00e0ndez, jugadora del futbol Club Barcelona de la primera divisi\u00f3 d&#8217;Espanya, ens ha visitat a totes les classes de l&#8217;escola. Els m\u00e9s grans li han fet una entrevista. Gr\u00e0cies Jana!! Ens ha encantat con\u00e8ixe&#8217;t!<br \/>\n&nbsp;<br \/>\nClica a <a href=\"https:\/\/photos.app.goo.gl\/3MY88Rkj1moLJYMX6\">GALERIA FOTOGR\u00c0FICA<\/a><\/p>\n","protected":false},"author":14,"featured_media":6222,"comment_status":"closed","ping_status":"closed","sticky":false,"template":"","format":"standard","meta":{"_bbp_topic_count":0,"_bbp_reply_count":0,"_bbp_total_topic_count":0,"_bbp_total_reply_count":0,"_bbp_voice_count":0,"_bbp_anonymous_reply_count":0,"_bbp_topic_count_hidden":0,"_bbp_reply_count_hidden":0,"_bbp_forum_subforum_count":0,"footnotes":""},"categories":[1,4],"tags":[],"class_list":["post-6221","post","type-post","status-publish","format-standard","has-post-thumbnail","hentry","category-general","category-portada"],"post_mailing_queue_ids":[],"_links":{"self":[{"href":"https:\/\/agora.xtec.cat\/ceip-jrj\/wp-json\/wp\/v2\/posts\/6221","targetHints":{"allow":["GET"]}}],"collection":[{"href":"https:\/\/agora.xtec.cat\/ceip-jrj\/wp-json\/wp\/v2\/posts"}],"about":[{"href":"https:\/\/agora.xtec.cat\/ceip-jrj\/wp-json\/wp\/v2\/types\/post"}],"author":[{"embeddable":true,"href":"https:\/\/agora.xtec.cat\/ceip-jrj\/wp-json\/wp\/v2\/users\/14"}],"replies":[{"embeddable":true,"href":"https:\/\/agora.xtec.cat\/ceip-jrj\/wp-json\/wp\/v2\/comments?post=6221"}],"version-history":[{"count":1,"href":"https:\/\/agora.xtec.cat\/ceip-jrj\/wp-json\/wp\/v2\/posts\/6221\/revisions"}],"predecessor-version":[{"id":6223,"href":"https:\/\/agora.xtec.cat\/ceip-jrj\/wp-json\/wp\/v2\/posts\/6221\/revisions\/6223"}],"wp:featuredmedia":[{"embeddable":true,"href":"https:\/\/agora.xtec.cat\/ceip-jrj\/wp-json\/wp\/v2\/media\/6222"}],"wp:attachment":[{"href":"https:\/\/agora.xtec.cat\/ceip-jrj\/wp-json\/wp\/v2\/media?parent=6221"}],"wp:term":[{"taxonomy":"category","embeddable":true,"href":"https:\/\/agora.xtec.cat\/ceip-jrj\/wp-json\/wp\/v2\/categories?post=6221"},{"taxonomy":"post_tag","embeddable":true,"href":"https:\/\/agora.xtec.cat\/ceip-jrj\/wp-json\/wp\/v2\/tags?post=6221"}],"curies":[{"name":"wp","href":"https:\/\/api.w.org\/{rel}","templated":true}]}}