{"id":6207,"date":"2023-06-10T09:04:39","date_gmt":"2023-06-10T07:04:39","guid":{"rendered":"https:\/\/agora.xtec.cat\/ceip-jrj\/?p=6207"},"modified":"2023-06-10T09:07:06","modified_gmt":"2023-06-10T07:07:06","slug":"ultima-reunio-de-mares-delegades-de-classe","status":"publish","type":"post","link":"https:\/\/agora.xtec.cat\/ceip-jrj\/general\/ultima-reunio-de-mares-delegades-de-classe\/","title":{"rendered":"\u00daltima reuni\u00f3 de mares delegades de classe"},"content":{"rendered":"<p>Aquest \u00e9s el segon curs que funcionen les reunions mensuals de mares delegades amb la direcci\u00f3 del centre.<\/p>\n<p>La valoraci\u00f3 de les dues parts \u00e9s molt positiva. D&#8217;una banda les delegades expressen inquietuds i dubtes que tenen les fam\u00edlies sobre temes escolars. D&#8217;altra banda l&#8217;escola informa sobre l&#8217;organitzaci\u00f3 del centre i la normativa, a la vegada que serveix de vincle amb altres serveis i entitats com l&#8217;AFA, menjador o extraescolars.<\/p>\n<p>A banda d&#8217;aix\u00f2, tamb\u00e9 es reflexiona sobre temes de crian\u00e7a com l&#8217;autonomia dels infants, les pantalles, la permisivitat, etc i com encarar temes d&#8217;aprenentatge comuns com la lectura, la llengua oral, les feines a casa&#8230;<\/p>\n<p>Sens dubte aquesta entesa entre l&#8217;escola i les fam\u00edlies afavoreix l&#8217;objectiu com\u00fa que tenim que \u00e9s el benestar i desenvolupament dels nens i nenes del centre.<\/p>\n<p>Moltes gr\u00e0cies mares per la dedicaci\u00f3 que heu tingut!!!! <a href=\"https:\/\/agora.xtec.cat\/ceip-jrj\/general\/ultima-reunio-de-mares-delegades-de-classe\/attachment\/photo-2023-06-09-16-32-38\/\" rel=\"attachment wp-att-6208\"><img loading=\"lazy\" decoding=\"async\" class=\"alignnone size-full wp-image-6208\" src=\"https:\/\/agora.xtec.cat\/ceip-jrj\/wp-content\/uploads\/usu280\/2023\/06\/PHOTO-2023-06-09-16-32-38.jpg\" alt=\"\" width=\"2048\" height=\"1536\" srcset=\"https:\/\/agora.xtec.cat\/ceip-jrj\/wp-content\/uploads\/usu280\/2023\/06\/PHOTO-2023-06-09-16-32-38.jpg 2048w, https:\/\/agora.xtec.cat\/ceip-jrj\/wp-content\/uploads\/usu280\/2023\/06\/PHOTO-2023-06-09-16-32-38-300x225.jpg 300w, https:\/\/agora.xtec.cat\/ceip-jrj\/wp-content\/uploads\/usu280\/2023\/06\/PHOTO-2023-06-09-16-32-38-1024x768.jpg 1024w, https:\/\/agora.xtec.cat\/ceip-jrj\/wp-content\/uploads\/usu280\/2023\/06\/PHOTO-2023-06-09-16-32-38-768x576.jpg 768w, https:\/\/agora.xtec.cat\/ceip-jrj\/wp-content\/uploads\/usu280\/2023\/06\/PHOTO-2023-06-09-16-32-38-1536x1152.jpg 1536w, https:\/\/agora.xtec.cat\/ceip-jrj\/wp-content\/uploads\/usu280\/2023\/06\/PHOTO-2023-06-09-16-32-38-200x150.jpg 200w\" sizes=\"auto, (max-width: 2048px) 100vw, 2048px\" \/><\/a><\/p>\n","protected":false},"excerpt":{"rendered":"<p>Les reunions mensuals entre les mares delegades i la direcci\u00f3 del centre han afavorit la mirada comuna de molts temes cabdals per l&#8217;educaci\u00f3 dels infants a m\u00e9s de saber les inquietuds i dubtes de les fam\u00edlies sobre els diferents \u00e0mbits del centre. Tamb\u00e9 ha estat un nexe d&#8217;uni\u00f3 amb altres serveis i entitats com l&#8217;AFA, extraescolars o menjador. Gr\u00e0cies mares!!&hellip;  <a href=\"https:\/\/agora.xtec.cat\/ceip-jrj\/general\/ultima-reunio-de-mares-delegades-de-classe\/\" title=\"Read \u00daltima reuni\u00f3 de mares delegades de classe\">Llegeix m\u00e9s\u00bb<\/a><\/p>\n","protected":false},"author":1,"featured_media":6208,"comment_status":"open","ping_status":"closed","sticky":false,"template":"","format":"standard","meta":{"_bbp_topic_count":0,"_bbp_reply_count":0,"_bbp_total_topic_count":0,"_bbp_total_reply_count":0,"_bbp_voice_count":0,"_bbp_anonymous_reply_count":0,"_bbp_topic_count_hidden":0,"_bbp_reply_count_hidden":0,"_bbp_forum_subforum_count":0,"footnotes":""},"categories":[1,4],"tags":[],"class_list":["post-6207","post","type-post","status-publish","format-standard","has-post-thumbnail","hentry","category-general","category-portada"],"post_mailing_queue_ids":[],"_links":{"self":[{"href":"https:\/\/agora.xtec.cat\/ceip-jrj\/wp-json\/wp\/v2\/posts\/6207","targetHints":{"allow":["GET"]}}],"collection":[{"href":"https:\/\/agora.xtec.cat\/ceip-jrj\/wp-json\/wp\/v2\/posts"}],"about":[{"href":"https:\/\/agora.xtec.cat\/ceip-jrj\/wp-json\/wp\/v2\/types\/post"}],"author":[{"embeddable":true,"href":"https:\/\/agora.xtec.cat\/ceip-jrj\/wp-json\/wp\/v2\/users\/1"}],"replies":[{"embeddable":true,"href":"https:\/\/agora.xtec.cat\/ceip-jrj\/wp-json\/wp\/v2\/comments?post=6207"}],"version-history":[{"count":3,"href":"https:\/\/agora.xtec.cat\/ceip-jrj\/wp-json\/wp\/v2\/posts\/6207\/revisions"}],"predecessor-version":[{"id":6212,"href":"https:\/\/agora.xtec.cat\/ceip-jrj\/wp-json\/wp\/v2\/posts\/6207\/revisions\/6212"}],"wp:featuredmedia":[{"embeddable":true,"href":"https:\/\/agora.xtec.cat\/ceip-jrj\/wp-json\/wp\/v2\/media\/6208"}],"wp:attachment":[{"href":"https:\/\/agora.xtec.cat\/ceip-jrj\/wp-json\/wp\/v2\/media?parent=6207"}],"wp:term":[{"taxonomy":"category","embeddable":true,"href":"https:\/\/agora.xtec.cat\/ceip-jrj\/wp-json\/wp\/v2\/categories?post=6207"},{"taxonomy":"post_tag","embeddable":true,"href":"https:\/\/agora.xtec.cat\/ceip-jrj\/wp-json\/wp\/v2\/tags?post=6207"}],"curies":[{"name":"wp","href":"https:\/\/api.w.org\/{rel}","templated":true}]}}