{"id":6194,"date":"2023-06-06T13:55:06","date_gmt":"2023-06-06T11:55:06","guid":{"rendered":"https:\/\/agora.xtec.cat\/ceip-jrj\/?p=6194"},"modified":"2023-06-06T13:55:06","modified_gmt":"2023-06-06T11:55:06","slug":"colonies-de-4t-a-can-vandrell","status":"publish","type":"post","link":"https:\/\/agora.xtec.cat\/ceip-jrj\/general\/colonies-de-4t-a-can-vandrell\/","title":{"rendered":"Col\u00f2nies de 4t a Can Vandrell"},"content":{"rendered":"<p>El passat mes de maig, els nens i nenes de 4t vam anar de col\u00f2nies a Can Vandrell on vam poder gaudir d\u2019un espai natural incre\u00efble i on vam realitzar activitats per con\u00e8ixer m\u00e9s el sistema solar. Ens ho vam passar genial investigant amb les ulleres de realitat virtual i fent el circuit d\u2019aventura. Ens vam divertir molt i vam passar dos dies magn\u00edfics!<\/p>\n<p>Mireu el recull de fotos fent click <a href=\"https:\/\/photos.app.goo.gl\/1JGnmcrTsap3N3at6\">aqu\u00ed<\/a><\/p>\n","protected":false},"excerpt":{"rendered":"<p>El passat mes de maig, els nens i nenes de 4t vam anar de col\u00f2nies a Can Vandrell on vam poder gaudir d\u2019un espai natural incre\u00efble i on vam realitzar activitats per con\u00e8ixer m\u00e9s el sistema solar. Ens ho vam passar genial investigant amb les&hellip;  <a href=\"https:\/\/agora.xtec.cat\/ceip-jrj\/general\/colonies-de-4t-a-can-vandrell\/\" title=\"Read Col\u00f2nies de 4t a Can Vandrell\">Llegeix m\u00e9s\u00bb<\/a><\/p>\n","protected":false},"author":1,"featured_media":6195,"comment_status":"closed","ping_status":"closed","sticky":false,"template":"","format":"standard","meta":{"_bbp_topic_count":0,"_bbp_reply_count":0,"_bbp_total_topic_count":0,"_bbp_total_reply_count":0,"_bbp_voice_count":0,"_bbp_anonymous_reply_count":0,"_bbp_topic_count_hidden":0,"_bbp_reply_count_hidden":0,"_bbp_forum_subforum_count":0,"footnotes":""},"categories":[13,1,4,5],"tags":[],"class_list":["post-6194","post","type-post","status-publish","format-standard","has-post-thumbnail","hentry","category-4t","category-general","category-portada","category-primaria"],"post_mailing_queue_ids":[],"_links":{"self":[{"href":"https:\/\/agora.xtec.cat\/ceip-jrj\/wp-json\/wp\/v2\/posts\/6194","targetHints":{"allow":["GET"]}}],"collection":[{"href":"https:\/\/agora.xtec.cat\/ceip-jrj\/wp-json\/wp\/v2\/posts"}],"about":[{"href":"https:\/\/agora.xtec.cat\/ceip-jrj\/wp-json\/wp\/v2\/types\/post"}],"author":[{"embeddable":true,"href":"https:\/\/agora.xtec.cat\/ceip-jrj\/wp-json\/wp\/v2\/users\/1"}],"replies":[{"embeddable":true,"href":"https:\/\/agora.xtec.cat\/ceip-jrj\/wp-json\/wp\/v2\/comments?post=6194"}],"version-history":[{"count":1,"href":"https:\/\/agora.xtec.cat\/ceip-jrj\/wp-json\/wp\/v2\/posts\/6194\/revisions"}],"predecessor-version":[{"id":6196,"href":"https:\/\/agora.xtec.cat\/ceip-jrj\/wp-json\/wp\/v2\/posts\/6194\/revisions\/6196"}],"wp:featuredmedia":[{"embeddable":true,"href":"https:\/\/agora.xtec.cat\/ceip-jrj\/wp-json\/wp\/v2\/media\/6195"}],"wp:attachment":[{"href":"https:\/\/agora.xtec.cat\/ceip-jrj\/wp-json\/wp\/v2\/media?parent=6194"}],"wp:term":[{"taxonomy":"category","embeddable":true,"href":"https:\/\/agora.xtec.cat\/ceip-jrj\/wp-json\/wp\/v2\/categories?post=6194"},{"taxonomy":"post_tag","embeddable":true,"href":"https:\/\/agora.xtec.cat\/ceip-jrj\/wp-json\/wp\/v2\/tags?post=6194"}],"curies":[{"name":"wp","href":"https:\/\/api.w.org\/{rel}","templated":true}]}}