{"id":6187,"date":"2023-06-05T17:53:35","date_gmt":"2023-06-05T15:53:35","guid":{"rendered":"https:\/\/agora.xtec.cat\/ceip-jrj\/?p=6187"},"modified":"2023-06-05T17:53:36","modified_gmt":"2023-06-05T15:53:36","slug":"ultima-reunio-dels-les-representants-de-classe","status":"publish","type":"post","link":"https:\/\/agora.xtec.cat\/ceip-jrj\/portada\/ultima-reunio-dels-les-representants-de-classe\/","title":{"rendered":"\u00daltima reuni\u00f3 dels\/les representants de classe"},"content":{"rendered":"<p>El passat 29 de maig va tenir lloc l&#8217;\u00faltima reuni\u00f3 de delegades i delegats.<\/p>\n<p>La directora va fer entrega dels diplomes de delegades i delegats per agrair tota la feina feta al llarg d&#8217;aquest curs escolar.<\/p>\n<p>L&#8217;\u00faltima reuni\u00f3 \u00e9s gaireb\u00e9 de les m\u00e9s importants perqu\u00e8 les delegades i delegats van procedir a escollir, a trav\u00e9s d&#8217;una votaci\u00f3, del tema transversal de l&#8217;escola per al curs vinent. No ens van poder acompanyar aquell dia els representants de 6\u00e8 perqu\u00e8 eren fora, i el seu vot va ser decisiu per desempatar les votacions.<\/p>\n<p>Els temes m\u00e9s votats van ser la rob\u00f2tica, la m\u00fasica i les tradicions populars. A l&#8217;endem\u00e0, amb els vots finals de 6\u00e8 es va desfer el desempat en favor de: LES TRADICIONS POPULARS.<\/p>\n<p>Per tant, ja podem anar preparant les m\u00e0quines, que el curs vinent, aprendrem trets culturals d&#8217;arreu.<\/p>\n<p><a href=\"https:\/\/agora.xtec.cat\/ceip-jrj\/portada\/ultima-reunio-dels-les-representants-de-classe\/attachment\/img_49501\/\" rel=\"attachment wp-att-6189\"><img loading=\"lazy\" decoding=\"async\" class=\"alignnone  wp-image-6189\" src=\"https:\/\/agora.xtec.cat\/ceip-jrj\/wp-content\/uploads\/usu280\/2023\/06\/Img_49501.jpg\" alt=\"\" width=\"587\" height=\"441\" srcset=\"https:\/\/agora.xtec.cat\/ceip-jrj\/wp-content\/uploads\/usu280\/2023\/06\/Img_49501.jpg 2016w, https:\/\/agora.xtec.cat\/ceip-jrj\/wp-content\/uploads\/usu280\/2023\/06\/Img_49501-300x225.jpg 300w, https:\/\/agora.xtec.cat\/ceip-jrj\/wp-content\/uploads\/usu280\/2023\/06\/Img_49501-1024x768.jpg 1024w, https:\/\/agora.xtec.cat\/ceip-jrj\/wp-content\/uploads\/usu280\/2023\/06\/Img_49501-768x576.jpg 768w, https:\/\/agora.xtec.cat\/ceip-jrj\/wp-content\/uploads\/usu280\/2023\/06\/Img_49501-1536x1152.jpg 1536w, https:\/\/agora.xtec.cat\/ceip-jrj\/wp-content\/uploads\/usu280\/2023\/06\/Img_49501-200x150.jpg 200w\" sizes=\"auto, (max-width: 587px) 100vw, 587px\" \/><\/a><a href=\"https:\/\/agora.xtec.cat\/ceip-jrj\/portada\/ultima-reunio-dels-les-representants-de-classe\/attachment\/img_20230529_153924a\/\" rel=\"attachment wp-att-6190\"><img loading=\"lazy\" decoding=\"async\" class=\"alignnone  wp-image-6190\" src=\"https:\/\/agora.xtec.cat\/ceip-jrj\/wp-content\/uploads\/usu280\/2023\/06\/IMG_20230529_153924a.jpg\" alt=\"\" width=\"587\" height=\"440\" srcset=\"https:\/\/agora.xtec.cat\/ceip-jrj\/wp-content\/uploads\/usu280\/2023\/06\/IMG_20230529_153924a.jpg 1843w, https:\/\/agora.xtec.cat\/ceip-jrj\/wp-content\/uploads\/usu280\/2023\/06\/IMG_20230529_153924a-300x225.jpg 300w, https:\/\/agora.xtec.cat\/ceip-jrj\/wp-content\/uploads\/usu280\/2023\/06\/IMG_20230529_153924a-1024x768.jpg 1024w, https:\/\/agora.xtec.cat\/ceip-jrj\/wp-content\/uploads\/usu280\/2023\/06\/IMG_20230529_153924a-768x576.jpg 768w, https:\/\/agora.xtec.cat\/ceip-jrj\/wp-content\/uploads\/usu280\/2023\/06\/IMG_20230529_153924a-1536x1152.jpg 1536w, https:\/\/agora.xtec.cat\/ceip-jrj\/wp-content\/uploads\/usu280\/2023\/06\/IMG_20230529_153924a-200x150.jpg 200w\" sizes=\"auto, (max-width: 587px) 100vw, 587px\" \/><\/a><a href=\"https:\/\/agora.xtec.cat\/ceip-jrj\/portada\/ultima-reunio-dels-les-representants-de-classe\/attachment\/img_20230529_153954a\/\" rel=\"attachment wp-att-6191\"><img loading=\"lazy\" decoding=\"async\" class=\"alignnone  wp-image-6191\" src=\"https:\/\/agora.xtec.cat\/ceip-jrj\/wp-content\/uploads\/usu280\/2023\/06\/IMG_20230529_153954a.jpg\" alt=\"\" width=\"587\" height=\"440\" srcset=\"https:\/\/agora.xtec.cat\/ceip-jrj\/wp-content\/uploads\/usu280\/2023\/06\/IMG_20230529_153954a.jpg 1843w, https:\/\/agora.xtec.cat\/ceip-jrj\/wp-content\/uploads\/usu280\/2023\/06\/IMG_20230529_153954a-300x225.jpg 300w, https:\/\/agora.xtec.cat\/ceip-jrj\/wp-content\/uploads\/usu280\/2023\/06\/IMG_20230529_153954a-1024x768.jpg 1024w, https:\/\/agora.xtec.cat\/ceip-jrj\/wp-content\/uploads\/usu280\/2023\/06\/IMG_20230529_153954a-768x576.jpg 768w, https:\/\/agora.xtec.cat\/ceip-jrj\/wp-content\/uploads\/usu280\/2023\/06\/IMG_20230529_153954a-1536x1152.jpg 1536w, https:\/\/agora.xtec.cat\/ceip-jrj\/wp-content\/uploads\/usu280\/2023\/06\/IMG_20230529_153954a-200x150.jpg 200w\" sizes=\"auto, (max-width: 587px) 100vw, 587px\" \/><\/a><a href=\"https:\/\/agora.xtec.cat\/ceip-jrj\/portada\/ultima-reunio-dels-les-representants-de-classe\/attachment\/img_20230529_155650\/\" rel=\"attachment wp-att-6188\"><img loading=\"lazy\" decoding=\"async\" class=\"alignnone  wp-image-6188\" src=\"https:\/\/agora.xtec.cat\/ceip-jrj\/wp-content\/uploads\/usu280\/2023\/06\/IMG_20230529_155650-.jpg\" alt=\"\" width=\"509\" height=\"441\" srcset=\"https:\/\/agora.xtec.cat\/ceip-jrj\/wp-content\/uploads\/usu280\/2023\/06\/IMG_20230529_155650-.jpg 1936w, https:\/\/agora.xtec.cat\/ceip-jrj\/wp-content\/uploads\/usu280\/2023\/06\/IMG_20230529_155650--300x260.jpg 300w, https:\/\/agora.xtec.cat\/ceip-jrj\/wp-content\/uploads\/usu280\/2023\/06\/IMG_20230529_155650--1024x887.jpg 1024w, https:\/\/agora.xtec.cat\/ceip-jrj\/wp-content\/uploads\/usu280\/2023\/06\/IMG_20230529_155650--768x665.jpg 768w, https:\/\/agora.xtec.cat\/ceip-jrj\/wp-content\/uploads\/usu280\/2023\/06\/IMG_20230529_155650--1536x1331.jpg 1536w\" sizes=\"auto, (max-width: 509px) 100vw, 509px\" \/><\/a><\/p>\n","protected":false},"excerpt":{"rendered":"<p>El passat 29 de maig va tenir lloc l&#8217;\u00faltima reuni\u00f3 de delegades i delegats.<br \/>\nLa directora va fer entrega dels diplomes de delegades i delegats per agrair tota la feina feta al llarg d&#8217;aquest curs escolar.<br \/>\nL&#8217;\u00faltima reuni\u00f3 \u00e9s gaireb\u00e9 de les m\u00e9s importants perqu\u00e8 les delegades&hellip;  <a href=\"https:\/\/agora.xtec.cat\/ceip-jrj\/portada\/ultima-reunio-dels-les-representants-de-classe\/\" title=\"Read \u00daltima reuni\u00f3 dels\/les representants de classe\">Llegeix m\u00e9s\u00bb<\/a><\/p>\n","protected":false},"author":1,"featured_media":6188,"comment_status":"open","ping_status":"closed","sticky":false,"template":"","format":"standard","meta":{"_bbp_topic_count":0,"_bbp_reply_count":0,"_bbp_total_topic_count":0,"_bbp_total_reply_count":0,"_bbp_voice_count":0,"_bbp_anonymous_reply_count":0,"_bbp_topic_count_hidden":0,"_bbp_reply_count_hidden":0,"_bbp_forum_subforum_count":0,"footnotes":""},"categories":[4],"tags":[],"class_list":["post-6187","post","type-post","status-publish","format-standard","has-post-thumbnail","hentry","category-portada"],"post_mailing_queue_ids":[],"_links":{"self":[{"href":"https:\/\/agora.xtec.cat\/ceip-jrj\/wp-json\/wp\/v2\/posts\/6187","targetHints":{"allow":["GET"]}}],"collection":[{"href":"https:\/\/agora.xtec.cat\/ceip-jrj\/wp-json\/wp\/v2\/posts"}],"about":[{"href":"https:\/\/agora.xtec.cat\/ceip-jrj\/wp-json\/wp\/v2\/types\/post"}],"author":[{"embeddable":true,"href":"https:\/\/agora.xtec.cat\/ceip-jrj\/wp-json\/wp\/v2\/users\/1"}],"replies":[{"embeddable":true,"href":"https:\/\/agora.xtec.cat\/ceip-jrj\/wp-json\/wp\/v2\/comments?post=6187"}],"version-history":[{"count":2,"href":"https:\/\/agora.xtec.cat\/ceip-jrj\/wp-json\/wp\/v2\/posts\/6187\/revisions"}],"predecessor-version":[{"id":6193,"href":"https:\/\/agora.xtec.cat\/ceip-jrj\/wp-json\/wp\/v2\/posts\/6187\/revisions\/6193"}],"wp:featuredmedia":[{"embeddable":true,"href":"https:\/\/agora.xtec.cat\/ceip-jrj\/wp-json\/wp\/v2\/media\/6188"}],"wp:attachment":[{"href":"https:\/\/agora.xtec.cat\/ceip-jrj\/wp-json\/wp\/v2\/media?parent=6187"}],"wp:term":[{"taxonomy":"category","embeddable":true,"href":"https:\/\/agora.xtec.cat\/ceip-jrj\/wp-json\/wp\/v2\/categories?post=6187"},{"taxonomy":"post_tag","embeddable":true,"href":"https:\/\/agora.xtec.cat\/ceip-jrj\/wp-json\/wp\/v2\/tags?post=6187"}],"curies":[{"name":"wp","href":"https:\/\/api.w.org\/{rel}","templated":true}]}}