{"id":6178,"date":"2023-06-04T22:09:09","date_gmt":"2023-06-04T20:09:09","guid":{"rendered":"https:\/\/agora.xtec.cat\/ceip-jrj\/?p=6178"},"modified":"2023-06-04T22:09:09","modified_gmt":"2023-06-04T20:09:09","slug":"i3-i-i4-a-the-little-makers","status":"publish","type":"post","link":"https:\/\/agora.xtec.cat\/ceip-jrj\/general\/i3-i-i4-a-the-little-makers\/","title":{"rendered":"I3 I I4 A THE LITTLE MAKERS"},"content":{"rendered":"<p>El passat dijous 1 de juny els infants d&#8217;I3 i d&#8217;I4 van gaudir d&#8217;un dia ben art\u00edstic a The Little makers, a Barcelona. Van poder ser i mostrar-se com els artistes meravellosos que s\u00f3n, en aquell Atelier tan preci\u00f3s. Pintura, llums i ombres, textures diferents, modelatge, &#8230; un munt de propostes motivadores i engrescadores. Quin dia m\u00e9s genial i inoblidable!!! Us agradaria veure per un foradet moments de la sortida? Si es que s\u00ed, <a href=\"https:\/\/photos.app.goo.gl\/WxQq72MoQZmXVFWP6\">cliqueu aqu\u00ed i endavant!<\/a><\/p>\n","protected":false},"excerpt":{"rendered":"<p>El passat dijous 1 de juny els infants d&#8217;I3 i d&#8217;I4 van gaudir d&#8217;un dia ben art\u00edstic a The Little makers, a Barcelona. Van poder ser i mostrar-se com els artistes meravellosos que s\u00f3n, en aquell Atelier tan preci\u00f3s. Pintura, llums i ombres, textures diferents,&hellip;  <a href=\"https:\/\/agora.xtec.cat\/ceip-jrj\/general\/i3-i-i4-a-the-little-makers\/\" title=\"Read I3 I I4 A THE LITTLE MAKERS\">Llegeix m\u00e9s\u00bb<\/a><\/p>\n","protected":false},"author":11,"featured_media":6184,"comment_status":"closed","ping_status":"closed","sticky":false,"template":"","format":"standard","meta":{"_bbp_topic_count":0,"_bbp_reply_count":0,"_bbp_total_topic_count":0,"_bbp_total_reply_count":0,"_bbp_voice_count":0,"_bbp_anonymous_reply_count":0,"_bbp_topic_count_hidden":0,"_bbp_reply_count_hidden":0,"_bbp_forum_subforum_count":0,"footnotes":""},"categories":[1,2,4,5],"tags":[],"class_list":["post-6178","post","type-post","status-publish","format-standard","has-post-thumbnail","hentry","category-general","category-infantil","category-portada","category-primaria"],"post_mailing_queue_ids":[],"_links":{"self":[{"href":"https:\/\/agora.xtec.cat\/ceip-jrj\/wp-json\/wp\/v2\/posts\/6178","targetHints":{"allow":["GET"]}}],"collection":[{"href":"https:\/\/agora.xtec.cat\/ceip-jrj\/wp-json\/wp\/v2\/posts"}],"about":[{"href":"https:\/\/agora.xtec.cat\/ceip-jrj\/wp-json\/wp\/v2\/types\/post"}],"author":[{"embeddable":true,"href":"https:\/\/agora.xtec.cat\/ceip-jrj\/wp-json\/wp\/v2\/users\/11"}],"replies":[{"embeddable":true,"href":"https:\/\/agora.xtec.cat\/ceip-jrj\/wp-json\/wp\/v2\/comments?post=6178"}],"version-history":[{"count":1,"href":"https:\/\/agora.xtec.cat\/ceip-jrj\/wp-json\/wp\/v2\/posts\/6178\/revisions"}],"predecessor-version":[{"id":6185,"href":"https:\/\/agora.xtec.cat\/ceip-jrj\/wp-json\/wp\/v2\/posts\/6178\/revisions\/6185"}],"wp:featuredmedia":[{"embeddable":true,"href":"https:\/\/agora.xtec.cat\/ceip-jrj\/wp-json\/wp\/v2\/media\/6184"}],"wp:attachment":[{"href":"https:\/\/agora.xtec.cat\/ceip-jrj\/wp-json\/wp\/v2\/media?parent=6178"}],"wp:term":[{"taxonomy":"category","embeddable":true,"href":"https:\/\/agora.xtec.cat\/ceip-jrj\/wp-json\/wp\/v2\/categories?post=6178"},{"taxonomy":"post_tag","embeddable":true,"href":"https:\/\/agora.xtec.cat\/ceip-jrj\/wp-json\/wp\/v2\/tags?post=6178"}],"curies":[{"name":"wp","href":"https:\/\/api.w.org\/{rel}","templated":true}]}}