{"id":6157,"date":"2023-05-29T19:35:48","date_gmt":"2023-05-29T17:35:48","guid":{"rendered":"https:\/\/agora.xtec.cat\/ceip-jrj\/?p=6157"},"modified":"2023-05-29T19:39:50","modified_gmt":"2023-05-29T17:39:50","slug":"amb-cor-dartista","status":"publish","type":"post","link":"https:\/\/agora.xtec.cat\/ceip-jrj\/general\/amb-cor-dartista\/","title":{"rendered":"Amb cor d&#8217;artista!"},"content":{"rendered":"<p><a href=\"https:\/\/agora.xtec.cat\/ceip-jrj\/wp-content\/uploads\/usu280\/2023\/05\/portada-4.png\"><img loading=\"lazy\" decoding=\"async\" class=\"wp-image-6159 alignleft\" src=\"https:\/\/agora.xtec.cat\/ceip-jrj\/wp-content\/uploads\/usu280\/2023\/05\/portada-4.png\" alt=\"\" width=\"160\" height=\"295\" srcset=\"https:\/\/agora.xtec.cat\/ceip-jrj\/wp-content\/uploads\/usu280\/2023\/05\/portada-4.png 484w, https:\/\/agora.xtec.cat\/ceip-jrj\/wp-content\/uploads\/usu280\/2023\/05\/portada-4-162x300.png 162w\" sizes=\"auto, (max-width: 160px) 100vw, 160px\" \/><\/a><\/p>\n<h4 style=\"text-align: center;\"><a href=\"https:\/\/agora.xtec.cat\/ceip-jrj\/wp-content\/uploads\/usu280\/2023\/05\/portada-5.png\"><img loading=\"lazy\" decoding=\"async\" class=\"wp-image-6160 alignright\" src=\"https:\/\/agora.xtec.cat\/ceip-jrj\/wp-content\/uploads\/usu280\/2023\/05\/portada-5.png\" alt=\"\" width=\"149\" height=\"293\" srcset=\"https:\/\/agora.xtec.cat\/ceip-jrj\/wp-content\/uploads\/usu280\/2023\/05\/portada-5.png 354w, https:\/\/agora.xtec.cat\/ceip-jrj\/wp-content\/uploads\/usu280\/2023\/05\/portada-5-153x300.png 153w\" sizes=\"auto, (max-width: 149px) 100vw, 149px\" \/><\/a><\/h4>\n<p style=\"text-align: left;\">Les nenes i els nens de 2n hem anat de visita a l&#8217;escola municipal de m\u00fasica de Cal Nicolau per participar en el taller\u00a0<strong><em><span class=\"hiddenSpellError\">BufaVent<\/span><\/em><\/strong>. Vam escoltar quatre instruments de la fam\u00edlia del Vent Fusta (clarinet i sax\u00f2fon) i Vent Metall (trompeta i flauta travessera). Despr\u00e9s vam poder tocar els models infantils de dos d&#8217;aquests instruments i fins i tot vam fer un concert final amb la melodia de la can\u00e7\u00f3 <a href=\"https:\/\/www.youtube.com\/watch?v=wVXYWuMXJOE\">&#8220;<em><strong>La filadora<\/strong><\/em>&#8220;<\/a>. Ens va encantar l&#8217;experi\u00e8ncia!!!<\/p>\n<h4 style=\"text-align: center;\"><a href=\"https:\/\/photos.app.goo.gl\/XGpzByPitN9yqUtU8\">Galeria fotogr\u00e0fica<\/a><\/h4>\n","protected":false},"excerpt":{"rendered":"<p>Les nenes i els nens de 2n hem anat de visita a l&#8217;escola municipal de m\u00fasica de Cal Nicolau per participar en el taller\u00a0BufaVent.&hellip;  <a href=\"https:\/\/agora.xtec.cat\/ceip-jrj\/general\/amb-cor-dartista\/\" title=\"Read Amb cor d&#8217;artista!\">Llegeix m\u00e9s\u00bb<\/a><\/p>\n","protected":false},"author":9,"featured_media":6166,"comment_status":"closed","ping_status":"closed","sticky":false,"template":"","format":"standard","meta":{"_bbp_topic_count":0,"_bbp_reply_count":0,"_bbp_total_topic_count":0,"_bbp_total_reply_count":0,"_bbp_voice_count":0,"_bbp_anonymous_reply_count":0,"_bbp_topic_count_hidden":0,"_bbp_reply_count_hidden":0,"_bbp_forum_subforum_count":0,"footnotes":""},"categories":[11,1,4,5],"tags":[],"class_list":["post-6157","post","type-post","status-publish","format-standard","has-post-thumbnail","hentry","category-2n","category-general","category-portada","category-primaria"],"post_mailing_queue_ids":[],"_links":{"self":[{"href":"https:\/\/agora.xtec.cat\/ceip-jrj\/wp-json\/wp\/v2\/posts\/6157","targetHints":{"allow":["GET"]}}],"collection":[{"href":"https:\/\/agora.xtec.cat\/ceip-jrj\/wp-json\/wp\/v2\/posts"}],"about":[{"href":"https:\/\/agora.xtec.cat\/ceip-jrj\/wp-json\/wp\/v2\/types\/post"}],"author":[{"embeddable":true,"href":"https:\/\/agora.xtec.cat\/ceip-jrj\/wp-json\/wp\/v2\/users\/9"}],"replies":[{"embeddable":true,"href":"https:\/\/agora.xtec.cat\/ceip-jrj\/wp-json\/wp\/v2\/comments?post=6157"}],"version-history":[{"count":3,"href":"https:\/\/agora.xtec.cat\/ceip-jrj\/wp-json\/wp\/v2\/posts\/6157\/revisions"}],"predecessor-version":[{"id":6168,"href":"https:\/\/agora.xtec.cat\/ceip-jrj\/wp-json\/wp\/v2\/posts\/6157\/revisions\/6168"}],"wp:featuredmedia":[{"embeddable":true,"href":"https:\/\/agora.xtec.cat\/ceip-jrj\/wp-json\/wp\/v2\/media\/6166"}],"wp:attachment":[{"href":"https:\/\/agora.xtec.cat\/ceip-jrj\/wp-json\/wp\/v2\/media?parent=6157"}],"wp:term":[{"taxonomy":"category","embeddable":true,"href":"https:\/\/agora.xtec.cat\/ceip-jrj\/wp-json\/wp\/v2\/categories?post=6157"},{"taxonomy":"post_tag","embeddable":true,"href":"https:\/\/agora.xtec.cat\/ceip-jrj\/wp-json\/wp\/v2\/tags?post=6157"}],"curies":[{"name":"wp","href":"https:\/\/api.w.org\/{rel}","templated":true}]}}