{"id":6148,"date":"2023-05-18T07:29:56","date_gmt":"2023-05-18T05:29:56","guid":{"rendered":"https:\/\/agora.xtec.cat\/ceip-jrj\/?p=6148"},"modified":"2023-05-18T07:30:58","modified_gmt":"2023-05-18T05:30:58","slug":"el-gran-viatge-de-la-gotablava-i-la-gotaverda","status":"publish","type":"post","link":"https:\/\/agora.xtec.cat\/ceip-jrj\/general\/el-gran-viatge-de-la-gotablava-i-la-gotaverda\/","title":{"rendered":"El gran viatge de la Gotablava i la Gotaverda"},"content":{"rendered":"<p>&nbsp;<\/p>\n<p dir=\"ltr\"><a href=\"https:\/\/agora.xtec.cat\/ceip-jrj\/wp-content\/uploads\/usu280\/2023\/05\/ARTICLE.png\"><img loading=\"lazy\" decoding=\"async\" class=\"wp-image-6149 alignleft\" src=\"https:\/\/agora.xtec.cat\/ceip-jrj\/wp-content\/uploads\/usu280\/2023\/05\/ARTICLE-1024x831.png\" alt=\"\" width=\"305\" height=\"248\" srcset=\"https:\/\/agora.xtec.cat\/ceip-jrj\/wp-content\/uploads\/usu280\/2023\/05\/ARTICLE-1024x831.png 1024w, https:\/\/agora.xtec.cat\/ceip-jrj\/wp-content\/uploads\/usu280\/2023\/05\/ARTICLE-300x243.png 300w, https:\/\/agora.xtec.cat\/ceip-jrj\/wp-content\/uploads\/usu280\/2023\/05\/ARTICLE-768x623.png 768w, https:\/\/agora.xtec.cat\/ceip-jrj\/wp-content\/uploads\/usu280\/2023\/05\/ARTICLE.png 1112w\" sizes=\"auto, (max-width: 305px) 100vw, 305px\" \/><\/a><\/p>\n<blockquote>\n<p dir=\"ltr\">\n<\/blockquote>\n<p dir=\"ltr\">Les nenes i els nens de 1r hem anat d\u2019excursi\u00f3 a la casa de col\u00f2nies Cal Mata, a Saifores. Les activitats que hem fet est\u00e0ven encaminades a descobrir, de forma experimental, les propietats formes i estats de l\u2019aigua. Aquesta sortida est\u00e0 relacionada amb el projecte \u201cDe gota en gota\u201d que fem a l\u2019\u00e0rea de Coneixement del Medi. Ens ho passar genial!<\/p>\n<h5 dir=\"ltr\" style=\"text-align: center;\"><a href=\"https:\/\/photos.app.goo.gl\/aooJHyyzWsmVV6LW8\">GALERIA FOTOGR\u00c0FICA<\/a><\/h5>\n","protected":false},"excerpt":{"rendered":"<p>Les nenes i els nens de 1r posen en pr\u00e0ctica els coneixements del projecte \u201cDe gota en gota\u201d que fan a l\u2019\u00e0rea de Coneixement del Medi.&hellip;  <a href=\"https:\/\/agora.xtec.cat\/ceip-jrj\/general\/el-gran-viatge-de-la-gotablava-i-la-gotaverda\/\" title=\"Read El gran viatge de la Gotablava i la Gotaverda\">Llegeix m\u00e9s\u00bb<\/a><\/p>\n","protected":false},"author":9,"featured_media":6150,"comment_status":"closed","ping_status":"closed","sticky":false,"template":"","format":"standard","meta":{"_bbp_topic_count":0,"_bbp_reply_count":0,"_bbp_total_topic_count":0,"_bbp_total_reply_count":0,"_bbp_voice_count":0,"_bbp_anonymous_reply_count":0,"_bbp_topic_count_hidden":0,"_bbp_reply_count_hidden":0,"_bbp_forum_subforum_count":0,"footnotes":""},"categories":[10,1,4,5],"tags":[],"class_list":["post-6148","post","type-post","status-publish","format-standard","has-post-thumbnail","hentry","category-1r","category-general","category-portada","category-primaria"],"post_mailing_queue_ids":[],"_links":{"self":[{"href":"https:\/\/agora.xtec.cat\/ceip-jrj\/wp-json\/wp\/v2\/posts\/6148","targetHints":{"allow":["GET"]}}],"collection":[{"href":"https:\/\/agora.xtec.cat\/ceip-jrj\/wp-json\/wp\/v2\/posts"}],"about":[{"href":"https:\/\/agora.xtec.cat\/ceip-jrj\/wp-json\/wp\/v2\/types\/post"}],"author":[{"embeddable":true,"href":"https:\/\/agora.xtec.cat\/ceip-jrj\/wp-json\/wp\/v2\/users\/9"}],"replies":[{"embeddable":true,"href":"https:\/\/agora.xtec.cat\/ceip-jrj\/wp-json\/wp\/v2\/comments?post=6148"}],"version-history":[{"count":2,"href":"https:\/\/agora.xtec.cat\/ceip-jrj\/wp-json\/wp\/v2\/posts\/6148\/revisions"}],"predecessor-version":[{"id":6152,"href":"https:\/\/agora.xtec.cat\/ceip-jrj\/wp-json\/wp\/v2\/posts\/6148\/revisions\/6152"}],"wp:featuredmedia":[{"embeddable":true,"href":"https:\/\/agora.xtec.cat\/ceip-jrj\/wp-json\/wp\/v2\/media\/6150"}],"wp:attachment":[{"href":"https:\/\/agora.xtec.cat\/ceip-jrj\/wp-json\/wp\/v2\/media?parent=6148"}],"wp:term":[{"taxonomy":"category","embeddable":true,"href":"https:\/\/agora.xtec.cat\/ceip-jrj\/wp-json\/wp\/v2\/categories?post=6148"},{"taxonomy":"post_tag","embeddable":true,"href":"https:\/\/agora.xtec.cat\/ceip-jrj\/wp-json\/wp\/v2\/tags?post=6148"}],"curies":[{"name":"wp","href":"https:\/\/api.w.org\/{rel}","templated":true}]}}