{"id":6106,"date":"2023-05-09T11:00:37","date_gmt":"2023-05-09T09:00:37","guid":{"rendered":"https:\/\/agora.xtec.cat\/ceip-jrj\/?p=6106"},"modified":"2023-05-10T17:27:45","modified_gmt":"2023-05-10T15:27:45","slug":"beques-2022-2023","status":"publish","type":"post","link":"https:\/\/agora.xtec.cat\/ceip-jrj\/general\/beques-2022-2023\/","title":{"rendered":"Beques 2022-2023"},"content":{"rendered":"<div>S&#8217;han aprovat les bases per a l&#8217;atorgament<strong> d&#8217;ajuts de menjador escolar<\/strong> per a la propera convocat\u00f2ria 2023-2024 Baix Llobregat. El termini de presentaci\u00f3 de sol\u00b7licituds ser\u00e0 del <strong>15 de maig al 29 de maig de 2023 ( inclosos).<\/strong><br \/>\nD&#8217;acord amb els Serveis Territorials d&#8217;educaci\u00f3 i seguint la l\u00ednia dels darrers anys, el procediment contempla:<br \/>\n&#8211; Que els centres escolars informin les fam\u00edlies de l&#8217;obertura de la convocat\u00f2ria. La presentaci\u00f3 de sol\u00b7licitud ser\u00e0 de forma telem\u00e0tica\u00a0<a href=\"http:\/\/www.elbaixllobregat.cat\/\" target=\"_blank\" rel=\"nofollow noopener noreferrer\" data-saferedirecturl=\"https:\/\/www.google.com\/url?q=http:\/\/www.elbaixllobregat.cat&amp;source=gmail&amp;ust=1683708284625000&amp;usg=AOvVaw0Hj1dhAF4RK9OBNQnfqyoA\">www.elbaixllobregat.cat<\/a><\/div>\n<div>\n<p>&#8211; Exclusivament per les fam\u00edlies que no disposin de cap eina inform\u00e0tica, se&#8217;ls hi podr\u00e0 facilitar el model de sol\u00b7licitud en paper des dels centres escolars. Us adjuntem les bases de la convocat\u00f2ria.<\/p>\n<\/div>\n<div><a href=\"https:\/\/drive.google.com\/file\/d\/1WqO8PhD8-lqComa2YyUa_yib4Iy1gdPd\/view?usp=share_link\">BASES<\/a><\/div>\n<div><\/div>\n<div><\/div>\n<div><\/div>\n<div><\/div>\n<div><\/div>\n<div>Tamb\u00e9 s&#8217;han convocat<strong> beques per a l&#8217;alumnat d&#8217;educaci\u00f3 especial. La tramitatici\u00f3 d&#8217;aquestes beques est\u00e0 a c\u00e0rrec de l&#8217;equip d&#8217;assessorament psicopedag\u00f2gic del centre<\/strong> qui es posa en contacte amb les fam\u00edlies.<\/div>\n<div><a href=\"https:\/\/drive.google.com\/file\/d\/1OhV8ifZzgCDDaUrIOAcPgob7YwxGo9MA\/view?usp=share_link\">BASES<\/a><\/div>\n<div><a href=\"https:\/\/drive.google.com\/file\/d\/15vpCTqaWn4CsMSk6Eil_ngFVNJV3wflc\/view?usp=share_link\">BOE<\/a><\/div>\n","protected":false},"excerpt":{"rendered":"<p>S&#8217;han aprovat les bases per a l&#8217;atorgament d&#8217;ajuts de menjador escolar per a la propera convocat\u00f2ria 2023-2024 Baix Llobregat. El termini de presentaci\u00f3 de sol\u00b7licituds ser\u00e0 del 15 de maig al 29 de maig de 2023 ( inclosos).<br \/>\nD&#8217;acord amb els Serveis Territorials d&#8217;educaci\u00f3 i seguint&hellip;  <a href=\"https:\/\/agora.xtec.cat\/ceip-jrj\/general\/beques-2022-2023\/\" title=\"Read Beques 2022-2023\">Llegeix m\u00e9s\u00bb<\/a><\/p>\n","protected":false},"author":1,"featured_media":0,"comment_status":"open","ping_status":"closed","sticky":false,"template":"","format":"standard","meta":{"_bbp_topic_count":0,"_bbp_reply_count":0,"_bbp_total_topic_count":0,"_bbp_total_reply_count":0,"_bbp_voice_count":0,"_bbp_anonymous_reply_count":0,"_bbp_topic_count_hidden":0,"_bbp_reply_count_hidden":0,"_bbp_forum_subforum_count":0,"footnotes":""},"categories":[1],"tags":[],"class_list":["post-6106","post","type-post","status-publish","format-standard","hentry","category-general"],"post_mailing_queue_ids":[],"_links":{"self":[{"href":"https:\/\/agora.xtec.cat\/ceip-jrj\/wp-json\/wp\/v2\/posts\/6106","targetHints":{"allow":["GET"]}}],"collection":[{"href":"https:\/\/agora.xtec.cat\/ceip-jrj\/wp-json\/wp\/v2\/posts"}],"about":[{"href":"https:\/\/agora.xtec.cat\/ceip-jrj\/wp-json\/wp\/v2\/types\/post"}],"author":[{"embeddable":true,"href":"https:\/\/agora.xtec.cat\/ceip-jrj\/wp-json\/wp\/v2\/users\/1"}],"replies":[{"embeddable":true,"href":"https:\/\/agora.xtec.cat\/ceip-jrj\/wp-json\/wp\/v2\/comments?post=6106"}],"version-history":[{"count":3,"href":"https:\/\/agora.xtec.cat\/ceip-jrj\/wp-json\/wp\/v2\/posts\/6106\/revisions"}],"predecessor-version":[{"id":6115,"href":"https:\/\/agora.xtec.cat\/ceip-jrj\/wp-json\/wp\/v2\/posts\/6106\/revisions\/6115"}],"wp:attachment":[{"href":"https:\/\/agora.xtec.cat\/ceip-jrj\/wp-json\/wp\/v2\/media?parent=6106"}],"wp:term":[{"taxonomy":"category","embeddable":true,"href":"https:\/\/agora.xtec.cat\/ceip-jrj\/wp-json\/wp\/v2\/categories?post=6106"},{"taxonomy":"post_tag","embeddable":true,"href":"https:\/\/agora.xtec.cat\/ceip-jrj\/wp-json\/wp\/v2\/tags?post=6106"}],"curies":[{"name":"wp","href":"https:\/\/api.w.org\/{rel}","templated":true}]}}