{"id":6082,"date":"2023-05-04T23:13:18","date_gmt":"2023-05-04T21:13:18","guid":{"rendered":"https:\/\/agora.xtec.cat\/ceip-jrj\/?p=6082"},"modified":"2023-05-05T12:26:47","modified_gmt":"2023-05-05T10:26:47","slug":"segona-pujada-al-monestir-de-sant-genis","status":"publish","type":"post","link":"https:\/\/agora.xtec.cat\/ceip-jrj\/portada\/segona-pujada-al-monestir-de-sant-genis\/","title":{"rendered":"Segona pujada al Monestir de Sant Gen\u00eds!"},"content":{"rendered":"<p>Seguint el projecte del centre &#8220;Apadrinem el nostre patrimoni: Serra de l&#8217;Ataix i Monestir de Sant Gen\u00eds de Rocafort&#8221; , l&#8217;AFA organitza la&#8221; 2a Pujada al Monestir de Rocafort&#8221; pel proper dissabte 13 de maig de 2023 a les 10 hores. El punt de trobada ser\u00e0 el p\u00e0rquing del Monestir de Sant Gen\u00eds de Rocafort.<br \/>\nHan preparat la sortida per tots els participants per tal que, a m\u00e9s a m\u00e9s de con\u00e8ixer el Monestir i potenciar entre els nens i nenes l&#8217;estimaci\u00f3 i respecte per l&#8217;entorn, passeu una jornada d&#8217;all\u00f2 m\u00e9s divertida.<br \/>\nUs adjunto un formulari perqu\u00e8 pugueu indicar la vostra participaci\u00f3 i aix\u00ed l&#8217;AFA pugui organitzar les activitats.&#8221;<\/p>\n<p><a href=\"https:\/\/forms.gle\/hqnPKCzn7Q8RUBtXA\">Formulari d&#8217;inscripci\u00f3<\/a><\/p>\n<p>&nbsp;<\/p>\n","protected":false},"excerpt":{"rendered":"<p>L&#8217;AFA ha organitzat la segona pujada al Monestir de Sant Gen\u00eds per al proper dissabte 13 de maig a les 10 hores. El punt de trobada ser\u00e0 el parquing del Monestir. Entreu a l&#8217;article per complimentar el formulari d&#8217;inscripci\u00f3. Animeu-vos!!!&hellip;  <a href=\"https:\/\/agora.xtec.cat\/ceip-jrj\/portada\/segona-pujada-al-monestir-de-sant-genis\/\" title=\"Read Segona pujada al Monestir de Sant Gen\u00eds!\">Llegeix m\u00e9s\u00bb<\/a><\/p>\n","protected":false},"author":1,"featured_media":6083,"comment_status":"open","ping_status":"closed","sticky":false,"template":"","format":"standard","meta":{"_bbp_topic_count":0,"_bbp_reply_count":0,"_bbp_total_topic_count":0,"_bbp_total_reply_count":0,"_bbp_voice_count":0,"_bbp_anonymous_reply_count":0,"_bbp_topic_count_hidden":0,"_bbp_reply_count_hidden":0,"_bbp_forum_subforum_count":0,"footnotes":""},"categories":[4],"tags":[],"class_list":["post-6082","post","type-post","status-publish","format-standard","has-post-thumbnail","hentry","category-portada"],"post_mailing_queue_ids":[],"_links":{"self":[{"href":"https:\/\/agora.xtec.cat\/ceip-jrj\/wp-json\/wp\/v2\/posts\/6082","targetHints":{"allow":["GET"]}}],"collection":[{"href":"https:\/\/agora.xtec.cat\/ceip-jrj\/wp-json\/wp\/v2\/posts"}],"about":[{"href":"https:\/\/agora.xtec.cat\/ceip-jrj\/wp-json\/wp\/v2\/types\/post"}],"author":[{"embeddable":true,"href":"https:\/\/agora.xtec.cat\/ceip-jrj\/wp-json\/wp\/v2\/users\/1"}],"replies":[{"embeddable":true,"href":"https:\/\/agora.xtec.cat\/ceip-jrj\/wp-json\/wp\/v2\/comments?post=6082"}],"version-history":[{"count":1,"href":"https:\/\/agora.xtec.cat\/ceip-jrj\/wp-json\/wp\/v2\/posts\/6082\/revisions"}],"predecessor-version":[{"id":6084,"href":"https:\/\/agora.xtec.cat\/ceip-jrj\/wp-json\/wp\/v2\/posts\/6082\/revisions\/6084"}],"wp:featuredmedia":[{"embeddable":true,"href":"https:\/\/agora.xtec.cat\/ceip-jrj\/wp-json\/wp\/v2\/media\/6083"}],"wp:attachment":[{"href":"https:\/\/agora.xtec.cat\/ceip-jrj\/wp-json\/wp\/v2\/media?parent=6082"}],"wp:term":[{"taxonomy":"category","embeddable":true,"href":"https:\/\/agora.xtec.cat\/ceip-jrj\/wp-json\/wp\/v2\/categories?post=6082"},{"taxonomy":"post_tag","embeddable":true,"href":"https:\/\/agora.xtec.cat\/ceip-jrj\/wp-json\/wp\/v2\/tags?post=6082"}],"curies":[{"name":"wp","href":"https:\/\/api.w.org\/{rel}","templated":true}]}}