{"id":6058,"date":"2023-04-27T23:59:58","date_gmt":"2023-04-27T21:59:58","guid":{"rendered":"https:\/\/agora.xtec.cat\/ceip-jrj\/?p=6058"},"modified":"2023-05-02T22:25:49","modified_gmt":"2023-05-02T20:25:49","slug":"primer-concurs-literari-per-a-families","status":"publish","type":"post","link":"https:\/\/agora.xtec.cat\/ceip-jrj\/portada\/primer-concurs-literari-per-a-families\/","title":{"rendered":"Primer concurs literari per a fam\u00edlies"},"content":{"rendered":"<p>El passat 21 d&#8217;abril es va desvetllar la identitat de les tres finalistes del primer concurs per a fam\u00edlies. El jurat va tenir molt dif\u00edcil la decisi\u00f3 de l&#8217;escrit guanyador ja que els tres tenien molta qualitat. El premi va ser entregat pel Regidor de Cultura i escriptor, Andreu Gonz\u00e1lez.<\/p>\n<p>Una de les tres finalistes \u00e9s <strong>l&#8217;Ana Maria S\u00e1nchez G\u00f3mez<\/strong> que va fer una narraci\u00f3 on ens fa espectadors privilegiats de com Fray Guillem caminava cap al monestir de Sant Gen\u00eds i ens explica amb un toc d&#8217;humor les incid\u00e8ncies que anava patint pel cam\u00ed.<\/p>\n<p><a href=\"https:\/\/drive.google.com\/file\/d\/1hElhcON-UCBktpSevJ5wyN_vJQhGkk3P\/view?usp=share_link\">Fray Guillem<\/a><\/p>\n<p>L&#8217;altra finalista \u00e9s la <strong>M\u00f3nica Valiente Barredo, <\/strong>Monicreativa, que dona veu al monestir de Sant Gen\u00eds el qual ens explica com va canviant la poblaci\u00f3 que t\u00e9 als seus peus. Un relat en primera persona que personifica i ens fa estimar encara m\u00e9s el nostre monestir.<\/p>\n<p><a href=\"https:\/\/drive.google.com\/file\/d\/1VM0dt-SaH7k3xayuZnzoEZna2nqrwLOw\/view?usp=share_link\">Carta del monestir<\/a><\/p>\n<p>I la nostra guanyadora \u00e9s la <strong>F\u00e1tima Gonz\u00e1lez Garc\u00eda<\/strong>. La F\u00e1tima redacta una carta escrita pel germ\u00e0 Sunifred dirigida al seu pare. En aquesta carta escrita el 4 de juny de 1210, el germ\u00e0 explica al destinatari com \u00e9s el monestir i amb aquesta rica descripci\u00f3, ens transporta 800 anys enrere i ens obre les portes de Sant Gen\u00eds. Felicitats F\u00e1tima!!!<\/p>\n<p><a href=\"https:\/\/drive.google.com\/file\/d\/14gPi_k7UC7AcXWIRyxOkXYJvOaEJyM8d\/view?usp=share_link\">Hermano Sunifred<\/a><\/p>\n<p>Volem donar les gr\u00e0cies a tots els participants i al jurat.<\/p>\n<p>Estem conven\u00e7uts que potenciar la lectura i l&#8217;escriptura amb diferents activitats fa que el nostre alumnat estigui m\u00e9s motivat i aix\u00f2 sigui un cam\u00ed per millorar\u00a0 els seus aprenentatges i a la vegada que puguin\u00a0 con\u00e8ixer\u00a0 com es pot gaudir escrivint o llegint.<\/p>\n<p><a href=\"https:\/\/agora.xtec.cat\/ceip-jrj\/portada\/primer-concurs-literari-per-a-families\/attachment\/img_1653\/\" rel=\"attachment wp-att-6066\"><img loading=\"lazy\" decoding=\"async\" class=\"alignnone size-full wp-image-6066\" src=\"https:\/\/agora.xtec.cat\/ceip-jrj\/wp-content\/uploads\/usu280\/2023\/04\/Img_1653.jpg\" alt=\"\" width=\"1613\" height=\"1210\" srcset=\"https:\/\/agora.xtec.cat\/ceip-jrj\/wp-content\/uploads\/usu280\/2023\/04\/Img_1653.jpg 1613w, https:\/\/agora.xtec.cat\/ceip-jrj\/wp-content\/uploads\/usu280\/2023\/04\/Img_1653-300x225.jpg 300w, https:\/\/agora.xtec.cat\/ceip-jrj\/wp-content\/uploads\/usu280\/2023\/04\/Img_1653-1024x768.jpg 1024w, https:\/\/agora.xtec.cat\/ceip-jrj\/wp-content\/uploads\/usu280\/2023\/04\/Img_1653-768x576.jpg 768w, https:\/\/agora.xtec.cat\/ceip-jrj\/wp-content\/uploads\/usu280\/2023\/04\/Img_1653-1536x1152.jpg 1536w, https:\/\/agora.xtec.cat\/ceip-jrj\/wp-content\/uploads\/usu280\/2023\/04\/Img_1653-200x150.jpg 200w\" sizes=\"auto, (max-width: 1613px) 100vw, 1613px\" \/><\/a><\/p>\n<p><a href=\"https:\/\/agora.xtec.cat\/ceip-jrj\/portada\/primer-concurs-literari-per-a-families\/attachment\/img_1657\/\" rel=\"attachment wp-att-6065\"><img loading=\"lazy\" decoding=\"async\" class=\"alignnone size-full wp-image-6065\" src=\"https:\/\/agora.xtec.cat\/ceip-jrj\/wp-content\/uploads\/usu280\/2023\/04\/Img_1657.jpg\" alt=\"\" width=\"1613\" height=\"1210\" srcset=\"https:\/\/agora.xtec.cat\/ceip-jrj\/wp-content\/uploads\/usu280\/2023\/04\/Img_1657.jpg 1613w, https:\/\/agora.xtec.cat\/ceip-jrj\/wp-content\/uploads\/usu280\/2023\/04\/Img_1657-300x225.jpg 300w, https:\/\/agora.xtec.cat\/ceip-jrj\/wp-content\/uploads\/usu280\/2023\/04\/Img_1657-1024x768.jpg 1024w, https:\/\/agora.xtec.cat\/ceip-jrj\/wp-content\/uploads\/usu280\/2023\/04\/Img_1657-768x576.jpg 768w, https:\/\/agora.xtec.cat\/ceip-jrj\/wp-content\/uploads\/usu280\/2023\/04\/Img_1657-1536x1152.jpg 1536w, https:\/\/agora.xtec.cat\/ceip-jrj\/wp-content\/uploads\/usu280\/2023\/04\/Img_1657-200x150.jpg 200w\" sizes=\"auto, (max-width: 1613px) 100vw, 1613px\" \/><\/a><\/p>\n<p>&nbsp;<\/p>\n","protected":false},"excerpt":{"rendered":"<p>El passat dia 21 vam con\u00e8ixer qui s&#8217;amagava darrere dels pseud\u00f2nims dels tres escrits finalistes. Moltes felicitats a les tres i en especial a la guanyadora, la F\u00e0tima. No deixeu de llegir els seus escrits. Gaudireu molt!<br \/>\nMoltes gr\u00e0cies a tots i totes les que vau participar i tamb\u00e9 al jurat. &hellip;  <a href=\"https:\/\/agora.xtec.cat\/ceip-jrj\/portada\/primer-concurs-literari-per-a-families\/\" title=\"Read Primer concurs literari per a fam\u00edlies\">Llegeix m\u00e9s\u00bb<\/a><\/p>\n","protected":false},"author":1,"featured_media":6063,"comment_status":"closed","ping_status":"closed","sticky":false,"template":"","format":"standard","meta":{"_bbp_topic_count":0,"_bbp_reply_count":0,"_bbp_total_topic_count":0,"_bbp_total_reply_count":0,"_bbp_voice_count":0,"_bbp_anonymous_reply_count":0,"_bbp_topic_count_hidden":0,"_bbp_reply_count_hidden":0,"_bbp_forum_subforum_count":0,"footnotes":""},"categories":[4],"tags":[],"class_list":["post-6058","post","type-post","status-publish","format-standard","has-post-thumbnail","hentry","category-portada"],"post_mailing_queue_ids":[],"_links":{"self":[{"href":"https:\/\/agora.xtec.cat\/ceip-jrj\/wp-json\/wp\/v2\/posts\/6058","targetHints":{"allow":["GET"]}}],"collection":[{"href":"https:\/\/agora.xtec.cat\/ceip-jrj\/wp-json\/wp\/v2\/posts"}],"about":[{"href":"https:\/\/agora.xtec.cat\/ceip-jrj\/wp-json\/wp\/v2\/types\/post"}],"author":[{"embeddable":true,"href":"https:\/\/agora.xtec.cat\/ceip-jrj\/wp-json\/wp\/v2\/users\/1"}],"replies":[{"embeddable":true,"href":"https:\/\/agora.xtec.cat\/ceip-jrj\/wp-json\/wp\/v2\/comments?post=6058"}],"version-history":[{"count":3,"href":"https:\/\/agora.xtec.cat\/ceip-jrj\/wp-json\/wp\/v2\/posts\/6058\/revisions"}],"predecessor-version":[{"id":6069,"href":"https:\/\/agora.xtec.cat\/ceip-jrj\/wp-json\/wp\/v2\/posts\/6058\/revisions\/6069"}],"wp:featuredmedia":[{"embeddable":true,"href":"https:\/\/agora.xtec.cat\/ceip-jrj\/wp-json\/wp\/v2\/media\/6063"}],"wp:attachment":[{"href":"https:\/\/agora.xtec.cat\/ceip-jrj\/wp-json\/wp\/v2\/media?parent=6058"}],"wp:term":[{"taxonomy":"category","embeddable":true,"href":"https:\/\/agora.xtec.cat\/ceip-jrj\/wp-json\/wp\/v2\/categories?post=6058"},{"taxonomy":"post_tag","embeddable":true,"href":"https:\/\/agora.xtec.cat\/ceip-jrj\/wp-json\/wp\/v2\/tags?post=6058"}],"curies":[{"name":"wp","href":"https:\/\/api.w.org\/{rel}","templated":true}]}}