{"id":6033,"date":"2023-04-16T21:34:02","date_gmt":"2023-04-16T19:34:02","guid":{"rendered":"https:\/\/agora.xtec.cat\/ceip-jrj\/?p=6033"},"modified":"2023-04-16T21:34:02","modified_gmt":"2023-04-16T19:34:02","slug":"i3-va-a-les-deus-aventura","status":"publish","type":"post","link":"https:\/\/agora.xtec.cat\/ceip-jrj\/general\/i3-va-a-les-deus-aventura\/","title":{"rendered":"I3 VA A LES DEUS AVENTURA!!!"},"content":{"rendered":"<p>Aquest dijous 13 d&#8217;abril les petites i els petits de l&#8217;escola van passar un dia d&#8217;all\u00f2 m\u00e9s aventurer a Les Deus Aventura a Sant Quint\u00ed de Mediona. Va ser un dia ple d&#8217;emocions i diversi\u00f3 a dojo! Els infants de la classe dels cargols i de les papallones van gaudir molt\u00edssim pels diferents circuits, baixant pels tobogans i la tirolina i descobrint una meravellosa i misteriosa cova. Va ser un dia genial!!! Si voleu veure imatges d&#8217;aquest dia tan fant\u00e0stic, <a href=\"https:\/\/photos.app.goo.gl\/QfXsbNY3MEeo4mkY6\">feu clic aqu\u00ed i endavant!<\/a><\/p>\n","protected":false},"excerpt":{"rendered":"<p>Aquest dijous 13 d&#8217;abril les petites i els petits de l&#8217;escola van passar un dia d&#8217;all\u00f2 m\u00e9s aventurer a Les Deus Aventura a Sant Quint\u00ed de Mediona. Va ser un dia ple d&#8217;emocions i diversi\u00f3 a dojo! Els infants de la classe dels cargols i&hellip;  <a href=\"https:\/\/agora.xtec.cat\/ceip-jrj\/general\/i3-va-a-les-deus-aventura\/\" title=\"Read I3 VA A LES DEUS AVENTURA!!!\">Llegeix m\u00e9s\u00bb<\/a><\/p>\n","protected":false},"author":11,"featured_media":6034,"comment_status":"closed","ping_status":"closed","sticky":false,"template":"","format":"standard","meta":{"_bbp_topic_count":0,"_bbp_reply_count":0,"_bbp_total_topic_count":0,"_bbp_total_reply_count":0,"_bbp_voice_count":0,"_bbp_anonymous_reply_count":0,"_bbp_topic_count_hidden":0,"_bbp_reply_count_hidden":0,"_bbp_forum_subforum_count":0,"footnotes":""},"categories":[1,2,3,4,5],"tags":[],"class_list":["post-6033","post","type-post","status-publish","format-standard","has-post-thumbnail","hentry","category-general","category-infantil","category-p3","category-portada","category-primaria"],"post_mailing_queue_ids":[],"_links":{"self":[{"href":"https:\/\/agora.xtec.cat\/ceip-jrj\/wp-json\/wp\/v2\/posts\/6033","targetHints":{"allow":["GET"]}}],"collection":[{"href":"https:\/\/agora.xtec.cat\/ceip-jrj\/wp-json\/wp\/v2\/posts"}],"about":[{"href":"https:\/\/agora.xtec.cat\/ceip-jrj\/wp-json\/wp\/v2\/types\/post"}],"author":[{"embeddable":true,"href":"https:\/\/agora.xtec.cat\/ceip-jrj\/wp-json\/wp\/v2\/users\/11"}],"replies":[{"embeddable":true,"href":"https:\/\/agora.xtec.cat\/ceip-jrj\/wp-json\/wp\/v2\/comments?post=6033"}],"version-history":[{"count":1,"href":"https:\/\/agora.xtec.cat\/ceip-jrj\/wp-json\/wp\/v2\/posts\/6033\/revisions"}],"predecessor-version":[{"id":6035,"href":"https:\/\/agora.xtec.cat\/ceip-jrj\/wp-json\/wp\/v2\/posts\/6033\/revisions\/6035"}],"wp:featuredmedia":[{"embeddable":true,"href":"https:\/\/agora.xtec.cat\/ceip-jrj\/wp-json\/wp\/v2\/media\/6034"}],"wp:attachment":[{"href":"https:\/\/agora.xtec.cat\/ceip-jrj\/wp-json\/wp\/v2\/media?parent=6033"}],"wp:term":[{"taxonomy":"category","embeddable":true,"href":"https:\/\/agora.xtec.cat\/ceip-jrj\/wp-json\/wp\/v2\/categories?post=6033"},{"taxonomy":"post_tag","embeddable":true,"href":"https:\/\/agora.xtec.cat\/ceip-jrj\/wp-json\/wp\/v2\/tags?post=6033"}],"curies":[{"name":"wp","href":"https:\/\/api.w.org\/{rel}","templated":true}]}}