{"id":6011,"date":"2023-04-03T20:15:16","date_gmt":"2023-04-03T18:15:16","guid":{"rendered":"https:\/\/agora.xtec.cat\/ceip-jrj\/?p=6011"},"modified":"2023-04-03T21:18:40","modified_gmt":"2023-04-03T19:18:40","slug":"certamen-lectura-en-veu-alta-3","status":"publish","type":"post","link":"https:\/\/agora.xtec.cat\/ceip-jrj\/general\/certamen-lectura-en-veu-alta-3\/","title":{"rendered":"CERTAMEN LECTURA EN VEU ALTA"},"content":{"rendered":"<p>Des de fa anys, l&#8217;escola participa al Certamen de lectura en Veu Alta amb l&#8217;objectiu de potenciar el gust per la lectura i l&#8217;h\u00e0bit lector entre el nostre alumnat. Un jurat compost per mares i professors del centre va seleccionar, ja fa alguns mesos, a dues candidates que ens van representar el passat dia 29 de mar\u00e7 al Centre Cultural de Martorell on va tenir lloc la Semifinal 3. Les nostres candidates eren:<\/p>\n<ul>\n<li>Aina Ropero de 4tB a la categoria de Grumets vermells.<\/li>\n<li>Olatz Blanco de 6B a la categoria de Grumets verd.<\/li>\n<\/ul>\n<p>Ho van fer genial i van ser molt valentes. Van llegir amb molt bona\u00a0 flu\u00efdesa, entonaci\u00f3, expressivitat i pron\u00fancia. Tot i aix\u00ed, no van passar a la seg\u00fcent fase. En nom de tota l&#8217;escola, us donem l&#8217;enhorabona per representar-nos tant b\u00e9. Felicitats!!!!!<\/p>\n<p><a href=\"https:\/\/agora.xtec.cat\/ceip-jrj\/general\/certamen-lectura-en-veu-alta-3\/attachment\/grumets_verds2-1\/\" rel=\"attachment wp-att-6015\"><img loading=\"lazy\" decoding=\"async\" class=\"alignnone size-full wp-image-6015\" src=\"https:\/\/agora.xtec.cat\/ceip-jrj\/wp-content\/uploads\/usu280\/2023\/04\/Grumets_Verds2-1.jpg\" alt=\"\" width=\"360\" height=\"480\" srcset=\"https:\/\/agora.xtec.cat\/ceip-jrj\/wp-content\/uploads\/usu280\/2023\/04\/Grumets_Verds2-1.jpg 360w, https:\/\/agora.xtec.cat\/ceip-jrj\/wp-content\/uploads\/usu280\/2023\/04\/Grumets_Verds2-1-225x300.jpg 225w\" sizes=\"auto, (max-width: 360px) 100vw, 360px\" \/><\/a><a href=\"https:\/\/agora.xtec.cat\/ceip-jrj\/general\/certamen-lectura-en-veu-alta-3\/attachment\/grumets_verds-2\/\" rel=\"attachment wp-att-6017\"><img loading=\"lazy\" decoding=\"async\" class=\"alignnone size-full wp-image-6017\" src=\"https:\/\/agora.xtec.cat\/ceip-jrj\/wp-content\/uploads\/usu280\/2023\/04\/Grumets_Verds-2.jpg\" alt=\"\" width=\"360\" height=\"480\" srcset=\"https:\/\/agora.xtec.cat\/ceip-jrj\/wp-content\/uploads\/usu280\/2023\/04\/Grumets_Verds-2.jpg 360w, https:\/\/agora.xtec.cat\/ceip-jrj\/wp-content\/uploads\/usu280\/2023\/04\/Grumets_Verds-2-225x300.jpg 225w\" sizes=\"auto, (max-width: 360px) 100vw, 360px\" \/><\/a><\/p>\n","protected":false},"excerpt":{"rendered":"<p>El passat 29 de mar\u00e7 va tenir lloc la Semifinal 3 del XIX Certamen Lectura en Veu Alta, a l\u2019Auditori Joan Cererols del Centre Cultural de Martorell. Van participar lectors i lectores de diferents centres de la zona i dos representants de la nostra escola que ho van fer genial!&hellip;  <a href=\"https:\/\/agora.xtec.cat\/ceip-jrj\/general\/certamen-lectura-en-veu-alta-3\/\" title=\"Read CERTAMEN LECTURA EN VEU ALTA\">Llegeix m\u00e9s\u00bb<\/a><\/p>\n","protected":false},"author":1,"featured_media":6012,"comment_status":"closed","ping_status":"closed","sticky":false,"template":"","format":"standard","meta":{"_bbp_topic_count":0,"_bbp_reply_count":0,"_bbp_total_topic_count":0,"_bbp_total_reply_count":0,"_bbp_voice_count":0,"_bbp_anonymous_reply_count":0,"_bbp_topic_count_hidden":0,"_bbp_reply_count_hidden":0,"_bbp_forum_subforum_count":0,"footnotes":""},"categories":[1,4],"tags":[],"class_list":["post-6011","post","type-post","status-publish","format-standard","has-post-thumbnail","hentry","category-general","category-portada"],"post_mailing_queue_ids":[],"_links":{"self":[{"href":"https:\/\/agora.xtec.cat\/ceip-jrj\/wp-json\/wp\/v2\/posts\/6011","targetHints":{"allow":["GET"]}}],"collection":[{"href":"https:\/\/agora.xtec.cat\/ceip-jrj\/wp-json\/wp\/v2\/posts"}],"about":[{"href":"https:\/\/agora.xtec.cat\/ceip-jrj\/wp-json\/wp\/v2\/types\/post"}],"author":[{"embeddable":true,"href":"https:\/\/agora.xtec.cat\/ceip-jrj\/wp-json\/wp\/v2\/users\/1"}],"replies":[{"embeddable":true,"href":"https:\/\/agora.xtec.cat\/ceip-jrj\/wp-json\/wp\/v2\/comments?post=6011"}],"version-history":[{"count":4,"href":"https:\/\/agora.xtec.cat\/ceip-jrj\/wp-json\/wp\/v2\/posts\/6011\/revisions"}],"predecessor-version":[{"id":6021,"href":"https:\/\/agora.xtec.cat\/ceip-jrj\/wp-json\/wp\/v2\/posts\/6011\/revisions\/6021"}],"wp:featuredmedia":[{"embeddable":true,"href":"https:\/\/agora.xtec.cat\/ceip-jrj\/wp-json\/wp\/v2\/media\/6012"}],"wp:attachment":[{"href":"https:\/\/agora.xtec.cat\/ceip-jrj\/wp-json\/wp\/v2\/media?parent=6011"}],"wp:term":[{"taxonomy":"category","embeddable":true,"href":"https:\/\/agora.xtec.cat\/ceip-jrj\/wp-json\/wp\/v2\/categories?post=6011"},{"taxonomy":"post_tag","embeddable":true,"href":"https:\/\/agora.xtec.cat\/ceip-jrj\/wp-json\/wp\/v2\/tags?post=6011"}],"curies":[{"name":"wp","href":"https:\/\/api.w.org\/{rel}","templated":true}]}}