{"id":5997,"date":"2023-03-29T23:14:55","date_gmt":"2023-03-29T21:14:55","guid":{"rendered":"https:\/\/agora.xtec.cat\/ceip-jrj\/?p=5997"},"modified":"2023-03-29T23:14:55","modified_gmt":"2023-03-29T21:14:55","slug":"i5-a-les-deus-aventura","status":"publish","type":"post","link":"https:\/\/agora.xtec.cat\/ceip-jrj\/general\/i5-a-les-deus-aventura\/","title":{"rendered":"I5 A LES DEUS AVENTURA!!!"},"content":{"rendered":"<p>El passat dilluns 27 les nenes i els nens d&#8217;I5 van anar d&#8217;excursi\u00f3 a les Deus Aventura de Sant Quint\u00ed de Mediona. S&#8217;ho van passar d&#8217;all\u00f2 m\u00e9s b\u00e9, perqu\u00e8 van fer un munt d&#8217;activitats: un circuit amb arn\u00e9s, es van llen\u00e7ar per dues tirolines (una de petita i una de ben gran), van jugar a dins d&#8217;un laberint i fins i tot van visitar una cova! Aix\u00f2 s\u00ed, sempre ben protegits amb els cascs posats. Realment va ser una sortida plena d&#8217;aventures i moltes emocions!!! Si voleu veure per un foradet com els infants van gaudir del dia, <a href=\"https:\/\/photos.app.goo.gl\/vKMXUCUJSGoxRMTD8\">cliqueu aqu\u00ed<\/a> i endavant!<\/p>\n","protected":false},"excerpt":{"rendered":"<p>El passat dilluns 27 les nenes i els nens d&#8217;I5 van anar d&#8217;excursi\u00f3 a les Deus Aventura de Sant Quint\u00ed de Mediona. S&#8217;ho van passar d&#8217;all\u00f2 m\u00e9s b\u00e9, perqu\u00e8 van fer un munt d&#8217;activitats: un circuit amb arn\u00e9s, es van llen\u00e7ar per dues tirolines (una&hellip;  <a href=\"https:\/\/agora.xtec.cat\/ceip-jrj\/general\/i5-a-les-deus-aventura\/\" title=\"Read I5 A LES DEUS AVENTURA!!!\">Llegeix m\u00e9s\u00bb<\/a><\/p>\n","protected":false},"author":11,"featured_media":5998,"comment_status":"closed","ping_status":"closed","sticky":false,"template":"","format":"standard","meta":{"_bbp_topic_count":0,"_bbp_reply_count":0,"_bbp_total_topic_count":0,"_bbp_total_reply_count":0,"_bbp_voice_count":0,"_bbp_anonymous_reply_count":0,"_bbp_topic_count_hidden":0,"_bbp_reply_count_hidden":0,"_bbp_forum_subforum_count":0,"footnotes":""},"categories":[1,2,4],"tags":[],"class_list":["post-5997","post","type-post","status-publish","format-standard","has-post-thumbnail","hentry","category-general","category-infantil","category-portada"],"post_mailing_queue_ids":[],"_links":{"self":[{"href":"https:\/\/agora.xtec.cat\/ceip-jrj\/wp-json\/wp\/v2\/posts\/5997","targetHints":{"allow":["GET"]}}],"collection":[{"href":"https:\/\/agora.xtec.cat\/ceip-jrj\/wp-json\/wp\/v2\/posts"}],"about":[{"href":"https:\/\/agora.xtec.cat\/ceip-jrj\/wp-json\/wp\/v2\/types\/post"}],"author":[{"embeddable":true,"href":"https:\/\/agora.xtec.cat\/ceip-jrj\/wp-json\/wp\/v2\/users\/11"}],"replies":[{"embeddable":true,"href":"https:\/\/agora.xtec.cat\/ceip-jrj\/wp-json\/wp\/v2\/comments?post=5997"}],"version-history":[{"count":1,"href":"https:\/\/agora.xtec.cat\/ceip-jrj\/wp-json\/wp\/v2\/posts\/5997\/revisions"}],"predecessor-version":[{"id":5999,"href":"https:\/\/agora.xtec.cat\/ceip-jrj\/wp-json\/wp\/v2\/posts\/5997\/revisions\/5999"}],"wp:featuredmedia":[{"embeddable":true,"href":"https:\/\/agora.xtec.cat\/ceip-jrj\/wp-json\/wp\/v2\/media\/5998"}],"wp:attachment":[{"href":"https:\/\/agora.xtec.cat\/ceip-jrj\/wp-json\/wp\/v2\/media?parent=5997"}],"wp:term":[{"taxonomy":"category","embeddable":true,"href":"https:\/\/agora.xtec.cat\/ceip-jrj\/wp-json\/wp\/v2\/categories?post=5997"},{"taxonomy":"post_tag","embeddable":true,"href":"https:\/\/agora.xtec.cat\/ceip-jrj\/wp-json\/wp\/v2\/tags?post=5997"}],"curies":[{"name":"wp","href":"https:\/\/api.w.org\/{rel}","templated":true}]}}