{"id":5993,"date":"2023-03-23T18:26:56","date_gmt":"2023-03-23T17:26:56","guid":{"rendered":"https:\/\/agora.xtec.cat\/ceip-jrj\/?p=5993"},"modified":"2023-03-23T18:26:56","modified_gmt":"2023-03-23T17:26:56","slug":"visitem-la-biblioteca-municipal","status":"publish","type":"post","link":"https:\/\/agora.xtec.cat\/ceip-jrj\/general\/visitem-la-biblioteca-municipal\/","title":{"rendered":"Visitem la Biblioteca Municipal"},"content":{"rendered":"<p><a href=\"https:\/\/agora.xtec.cat\/ceip-jrj\/wp-content\/uploads\/usu280\/2023\/03\/book-g2804eec79_640.png\"><img loading=\"lazy\" decoding=\"async\" class=\"wp-image-5995 alignleft\" src=\"https:\/\/agora.xtec.cat\/ceip-jrj\/wp-content\/uploads\/usu280\/2023\/03\/book-g2804eec79_640.png\" alt=\"\" width=\"252\" height=\"220\" srcset=\"https:\/\/agora.xtec.cat\/ceip-jrj\/wp-content\/uploads\/usu280\/2023\/03\/book-g2804eec79_640.png 640w, https:\/\/agora.xtec.cat\/ceip-jrj\/wp-content\/uploads\/usu280\/2023\/03\/book-g2804eec79_640-300x262.png 300w\" sizes=\"auto, (max-width: 252px) 100vw, 252px\" \/><\/a><\/p>\n<p>Les nenes i els nens de 1r nivell hem visitat la Biblioteca municipal. Vam poder gaudir de l&#8217;explicaci\u00f3 en viu de diferents hist\u00f2ries. Tamb\u00e9 ens vam relaxar amb una estona de lectura individual dels contes que m\u00e9s ens van agradar. Tornarem segur!<\/p>\n<h4 style=\"text-align: center;\"><a href=\"https:\/\/photos.app.goo.gl\/iNyzNj1cAC2fZ2sV7\">Galeria fotogr\u00e0fica<\/a><\/h4>\n","protected":false},"excerpt":{"rendered":"<p>&#8220;Cada llibre t\u00e9 un secret<br \/>\ndisfressat de blanc i negre;<br \/>\ntot all\u00f2 que et diu a tu<br \/>\nun altre no ho pot entendre&#8230;&#8221;<br \/>\nPoema &#8220;Els llibres&#8221; &#8211; Joana Raspall&hellip;  <a href=\"https:\/\/agora.xtec.cat\/ceip-jrj\/general\/visitem-la-biblioteca-municipal\/\" title=\"Read Visitem la Biblioteca Municipal\">Llegeix m\u00e9s\u00bb<\/a><\/p>\n","protected":false},"author":9,"featured_media":5994,"comment_status":"closed","ping_status":"closed","sticky":false,"template":"","format":"standard","meta":{"_bbp_topic_count":0,"_bbp_reply_count":0,"_bbp_total_topic_count":0,"_bbp_total_reply_count":0,"_bbp_voice_count":0,"_bbp_anonymous_reply_count":0,"_bbp_topic_count_hidden":0,"_bbp_reply_count_hidden":0,"_bbp_forum_subforum_count":0,"footnotes":""},"categories":[10,11,1,4],"tags":[],"class_list":["post-5993","post","type-post","status-publish","format-standard","has-post-thumbnail","hentry","category-1r","category-2n","category-general","category-portada"],"post_mailing_queue_ids":[],"_links":{"self":[{"href":"https:\/\/agora.xtec.cat\/ceip-jrj\/wp-json\/wp\/v2\/posts\/5993","targetHints":{"allow":["GET"]}}],"collection":[{"href":"https:\/\/agora.xtec.cat\/ceip-jrj\/wp-json\/wp\/v2\/posts"}],"about":[{"href":"https:\/\/agora.xtec.cat\/ceip-jrj\/wp-json\/wp\/v2\/types\/post"}],"author":[{"embeddable":true,"href":"https:\/\/agora.xtec.cat\/ceip-jrj\/wp-json\/wp\/v2\/users\/9"}],"replies":[{"embeddable":true,"href":"https:\/\/agora.xtec.cat\/ceip-jrj\/wp-json\/wp\/v2\/comments?post=5993"}],"version-history":[{"count":1,"href":"https:\/\/agora.xtec.cat\/ceip-jrj\/wp-json\/wp\/v2\/posts\/5993\/revisions"}],"predecessor-version":[{"id":5996,"href":"https:\/\/agora.xtec.cat\/ceip-jrj\/wp-json\/wp\/v2\/posts\/5993\/revisions\/5996"}],"wp:featuredmedia":[{"embeddable":true,"href":"https:\/\/agora.xtec.cat\/ceip-jrj\/wp-json\/wp\/v2\/media\/5994"}],"wp:attachment":[{"href":"https:\/\/agora.xtec.cat\/ceip-jrj\/wp-json\/wp\/v2\/media?parent=5993"}],"wp:term":[{"taxonomy":"category","embeddable":true,"href":"https:\/\/agora.xtec.cat\/ceip-jrj\/wp-json\/wp\/v2\/categories?post=5993"},{"taxonomy":"post_tag","embeddable":true,"href":"https:\/\/agora.xtec.cat\/ceip-jrj\/wp-json\/wp\/v2\/tags?post=5993"}],"curies":[{"name":"wp","href":"https:\/\/api.w.org\/{rel}","templated":true}]}}