{"id":5984,"date":"2023-03-18T15:25:12","date_gmt":"2023-03-18T14:25:12","guid":{"rendered":"https:\/\/agora.xtec.cat\/ceip-jrj\/?p=5984"},"modified":"2023-03-18T15:25:12","modified_gmt":"2023-03-18T14:25:12","slug":"tercer-a-la-fundacio-miro","status":"publish","type":"post","link":"https:\/\/agora.xtec.cat\/ceip-jrj\/general\/tercer-a-la-fundacio-miro\/","title":{"rendered":"TERCER A LA FUNDACI\u00d3 MIR\u00d3"},"content":{"rendered":"<p>Aquesta setmana els alumnes de tercer van gaudir d&#8217;una sortida ben art\u00edstica, a la Fundaci\u00f3 Joan Mir\u00f3! All\u00e0 van poder aprofundir coneixements sobre aquest artista surrealista de renom internacional. Quin dia m\u00e9s genial van passar els infants i quina sortida l\u00fadica i pedag\u00f2gica m\u00e9s fant\u00e0stica!!! Si voleu descobrir alguns moments d&#8217;aquesta sortida, cliqueu <a href=\"https:\/\/photos.app.goo.gl\/MjLyjevhRrJoHU8J9\">aqu\u00ed i accedireu a la galeria fotogr\u00e0fica.<\/a><\/p>\n","protected":false},"excerpt":{"rendered":"<p>Aquesta setmana els alumnes de tercer van gaudir d&#8217;una sortida ben art\u00edstica, a la Fundaci\u00f3 Joan Mir\u00f3! All\u00e0 van poder aprofundir coneixements sobre aquest artista surrealista de renom internacional. Quin dia m\u00e9s genial van passar els infants i quina sortida l\u00fadica i pedag\u00f2gica m\u00e9s fant\u00e0stica!!!&hellip;  <a href=\"https:\/\/agora.xtec.cat\/ceip-jrj\/general\/tercer-a-la-fundacio-miro\/\" title=\"Read TERCER A LA FUNDACI\u00d3 MIR\u00d3\">Llegeix m\u00e9s\u00bb<\/a><\/p>\n","protected":false},"author":1,"featured_media":5986,"comment_status":"closed","ping_status":"closed","sticky":false,"template":"","format":"standard","meta":{"_bbp_topic_count":0,"_bbp_reply_count":0,"_bbp_total_topic_count":0,"_bbp_total_reply_count":0,"_bbp_voice_count":0,"_bbp_anonymous_reply_count":0,"_bbp_topic_count_hidden":0,"_bbp_reply_count_hidden":0,"_bbp_forum_subforum_count":0,"footnotes":""},"categories":[59,1,4,5],"tags":[],"class_list":["post-5984","post","type-post","status-publish","format-standard","has-post-thumbnail","hentry","category-cm","category-general","category-portada","category-primaria"],"post_mailing_queue_ids":[],"_links":{"self":[{"href":"https:\/\/agora.xtec.cat\/ceip-jrj\/wp-json\/wp\/v2\/posts\/5984","targetHints":{"allow":["GET"]}}],"collection":[{"href":"https:\/\/agora.xtec.cat\/ceip-jrj\/wp-json\/wp\/v2\/posts"}],"about":[{"href":"https:\/\/agora.xtec.cat\/ceip-jrj\/wp-json\/wp\/v2\/types\/post"}],"author":[{"embeddable":true,"href":"https:\/\/agora.xtec.cat\/ceip-jrj\/wp-json\/wp\/v2\/users\/1"}],"replies":[{"embeddable":true,"href":"https:\/\/agora.xtec.cat\/ceip-jrj\/wp-json\/wp\/v2\/comments?post=5984"}],"version-history":[{"count":1,"href":"https:\/\/agora.xtec.cat\/ceip-jrj\/wp-json\/wp\/v2\/posts\/5984\/revisions"}],"predecessor-version":[{"id":5987,"href":"https:\/\/agora.xtec.cat\/ceip-jrj\/wp-json\/wp\/v2\/posts\/5984\/revisions\/5987"}],"wp:featuredmedia":[{"embeddable":true,"href":"https:\/\/agora.xtec.cat\/ceip-jrj\/wp-json\/wp\/v2\/media\/5986"}],"wp:attachment":[{"href":"https:\/\/agora.xtec.cat\/ceip-jrj\/wp-json\/wp\/v2\/media?parent=5984"}],"wp:term":[{"taxonomy":"category","embeddable":true,"href":"https:\/\/agora.xtec.cat\/ceip-jrj\/wp-json\/wp\/v2\/categories?post=5984"},{"taxonomy":"post_tag","embeddable":true,"href":"https:\/\/agora.xtec.cat\/ceip-jrj\/wp-json\/wp\/v2\/tags?post=5984"}],"curies":[{"name":"wp","href":"https:\/\/api.w.org\/{rel}","templated":true}]}}