{"id":5973,"date":"2023-03-16T21:20:15","date_gmt":"2023-03-16T20:20:15","guid":{"rendered":"https:\/\/agora.xtec.cat\/ceip-jrj\/?p=5973"},"modified":"2023-03-16T21:27:52","modified_gmt":"2023-03-16T20:27:52","slug":"una-aventura-a-la-nostra-mida","status":"publish","type":"post","link":"https:\/\/agora.xtec.cat\/ceip-jrj\/portada\/una-aventura-a-la-nostra-mida\/","title":{"rendered":"Una aventura a la nostra mida!"},"content":{"rendered":"<p>&nbsp;<\/p>\n<p><a href=\"https:\/\/agora.xtec.cat\/ceip-jrj\/wp-content\/uploads\/usu280\/2023\/03\/Sin-titulo-e1678997053784.png\"><img loading=\"lazy\" decoding=\"async\" class=\" wp-image-5974 alignright\" src=\"https:\/\/agora.xtec.cat\/ceip-jrj\/wp-content\/uploads\/usu280\/2023\/03\/Sin-titulo-e1678997053784.png\" alt=\"\" width=\"242\" height=\"327\" \/><\/a>Les nenes i els nens de 1r i 2n nivell vam realitzar com a sortida del segon trimestre, la visita al parc Catalunya en miniatura. Vam visitar l&#8217;exposici\u00f3 de maquetes on vam observar les r\u00e8pliques en miniatures dels indrets m\u00e9s fascinants de la nostra geografia, tot fent un recorregut a peu i a bord del trenet.<br \/>\nPer\u00f2 el que m\u00e9s ens va agradar, sens dubte, va ser el circuit d&#8217;aventura, amb els troncs i les plataformes penjants i la tirolina final. Una\u00a0aventura a la nostra mida!<\/p>\n<h5 style=\"text-align: center;\"><a href=\"https:\/\/photos.app.goo.gl\/2KVNY3pgNKnHFrjD6\">GALERIA FOTOGR\u00c0FICA DE 1r NIVELL<\/a><\/h5>\n<h5 style=\"text-align: center;\"><a href=\"https:\/\/photos.app.goo.gl\/VA6Wb1KWCPVGJahw5\">GALERIA FOTOGR\u00c0FICA DE 2n NIVELL<\/a><\/h5>\n<p>&nbsp;<\/p>\n","protected":false},"excerpt":{"rendered":"<p>Les nenes i els nens de 1r i 2n nivell vam realitzar com a sortida del segon trimestre, la visita al parc Catalunya en miniatura.&hellip;  <a href=\"https:\/\/agora.xtec.cat\/ceip-jrj\/portada\/una-aventura-a-la-nostra-mida\/\" title=\"Read Una aventura a la nostra mida!\">Llegeix m\u00e9s\u00bb<\/a><\/p>\n","protected":false},"author":9,"featured_media":5982,"comment_status":"closed","ping_status":"closed","sticky":false,"template":"","format":"standard","meta":{"_bbp_topic_count":0,"_bbp_reply_count":0,"_bbp_total_topic_count":0,"_bbp_total_reply_count":0,"_bbp_voice_count":0,"_bbp_anonymous_reply_count":0,"_bbp_topic_count_hidden":0,"_bbp_reply_count_hidden":0,"_bbp_forum_subforum_count":0,"footnotes":""},"categories":[10,11,4,5],"tags":[],"class_list":["post-5973","post","type-post","status-publish","format-standard","has-post-thumbnail","hentry","category-1r","category-2n","category-portada","category-primaria"],"post_mailing_queue_ids":[],"_links":{"self":[{"href":"https:\/\/agora.xtec.cat\/ceip-jrj\/wp-json\/wp\/v2\/posts\/5973","targetHints":{"allow":["GET"]}}],"collection":[{"href":"https:\/\/agora.xtec.cat\/ceip-jrj\/wp-json\/wp\/v2\/posts"}],"about":[{"href":"https:\/\/agora.xtec.cat\/ceip-jrj\/wp-json\/wp\/v2\/types\/post"}],"author":[{"embeddable":true,"href":"https:\/\/agora.xtec.cat\/ceip-jrj\/wp-json\/wp\/v2\/users\/9"}],"replies":[{"embeddable":true,"href":"https:\/\/agora.xtec.cat\/ceip-jrj\/wp-json\/wp\/v2\/comments?post=5973"}],"version-history":[{"count":2,"href":"https:\/\/agora.xtec.cat\/ceip-jrj\/wp-json\/wp\/v2\/posts\/5973\/revisions"}],"predecessor-version":[{"id":5981,"href":"https:\/\/agora.xtec.cat\/ceip-jrj\/wp-json\/wp\/v2\/posts\/5973\/revisions\/5981"}],"wp:featuredmedia":[{"embeddable":true,"href":"https:\/\/agora.xtec.cat\/ceip-jrj\/wp-json\/wp\/v2\/media\/5982"}],"wp:attachment":[{"href":"https:\/\/agora.xtec.cat\/ceip-jrj\/wp-json\/wp\/v2\/media?parent=5973"}],"wp:term":[{"taxonomy":"category","embeddable":true,"href":"https:\/\/agora.xtec.cat\/ceip-jrj\/wp-json\/wp\/v2\/categories?post=5973"},{"taxonomy":"post_tag","embeddable":true,"href":"https:\/\/agora.xtec.cat\/ceip-jrj\/wp-json\/wp\/v2\/tags?post=5973"}],"curies":[{"name":"wp","href":"https:\/\/api.w.org\/{rel}","templated":true}]}}