{"id":5969,"date":"2023-03-14T08:50:29","date_gmt":"2023-03-14T07:50:29","guid":{"rendered":"https:\/\/agora.xtec.cat\/ceip-jrj\/?p=5969"},"modified":"2023-03-14T08:50:29","modified_gmt":"2023-03-14T07:50:29","slug":"anem-al-cram-no-embrutem-el-nostre-ocea","status":"publish","type":"post","link":"https:\/\/agora.xtec.cat\/ceip-jrj\/general\/anem-al-cram-no-embrutem-el-nostre-ocea\/","title":{"rendered":"ANEM AL CRAM. NO EMBRUTEM EL NOSTRE OCE\u00c0."},"content":{"rendered":"<p><span style=\"font-weight: 400;\">El passat divendres 10 de mar\u00e7 els alumnes de cinqu\u00e8 vam anar al CRAM (Fundaci\u00f3 per a la Conservaci\u00f3 i Recuperaci\u00f3 d&#8217;Animals Marins). Ens vam explicar el que fan en el centre i tamb\u00e9 la manera com nosaltres podem posar el nostre granet de sorra.<\/span><\/p>\n<p><span style=\"font-weight: 400;\">Vam veure tortugues, que per diferents circumst\u00e0ncies es troben en el centre. Algunes d&#8217;elles quan es recuperin podran tornar al mar, en canvi, d&#8217;altres no ho podran fer.<\/span><\/p>\n<p><span style=\"font-weight: 400;\">Vam poder gaudir una bona estona de la platja, on vam c\u00f3rrer, vam fer forats i fins i tot vam buscar petxines amb les quals decorarem la nostra porta.<\/span><\/p>\n<p><span style=\"font-weight: 400;\">Va ser un dia molt divertit.<\/span><\/p>\n<p>Per veure les fotos clica a <a href=\"https:\/\/photos.app.goo.gl\/9LqvRtSdmALJhZyh7\"><strong>GALERIA<\/strong><\/a><\/p>\n","protected":false},"excerpt":{"rendered":"<p>El passat divendres 10 de mar\u00e7 els alumnes de cinqu\u00e8 vam anar al CRAM (Fundaci\u00f3 per a la Conservaci\u00f3 i Recuperaci\u00f3 d&#8217;Animals Marins). Ens vam explicar el que fan en el centre i tamb\u00e9 la manera com nosaltres podem posar el nostre granet de sorra.<br \/>\nVam&hellip;  <a href=\"https:\/\/agora.xtec.cat\/ceip-jrj\/general\/anem-al-cram-no-embrutem-el-nostre-ocea\/\" title=\"Read ANEM AL CRAM. NO EMBRUTEM EL NOSTRE OCE\u00c0.\">Llegeix m\u00e9s\u00bb<\/a><\/p>\n","protected":false},"author":14,"featured_media":5970,"comment_status":"closed","ping_status":"closed","sticky":false,"template":"","format":"standard","meta":{"_bbp_topic_count":0,"_bbp_reply_count":0,"_bbp_total_topic_count":0,"_bbp_total_reply_count":0,"_bbp_voice_count":0,"_bbp_anonymous_reply_count":0,"_bbp_topic_count_hidden":0,"_bbp_reply_count_hidden":0,"_bbp_forum_subforum_count":0,"footnotes":""},"categories":[1,4],"tags":[],"class_list":["post-5969","post","type-post","status-publish","format-standard","has-post-thumbnail","hentry","category-general","category-portada"],"post_mailing_queue_ids":[],"_links":{"self":[{"href":"https:\/\/agora.xtec.cat\/ceip-jrj\/wp-json\/wp\/v2\/posts\/5969","targetHints":{"allow":["GET"]}}],"collection":[{"href":"https:\/\/agora.xtec.cat\/ceip-jrj\/wp-json\/wp\/v2\/posts"}],"about":[{"href":"https:\/\/agora.xtec.cat\/ceip-jrj\/wp-json\/wp\/v2\/types\/post"}],"author":[{"embeddable":true,"href":"https:\/\/agora.xtec.cat\/ceip-jrj\/wp-json\/wp\/v2\/users\/14"}],"replies":[{"embeddable":true,"href":"https:\/\/agora.xtec.cat\/ceip-jrj\/wp-json\/wp\/v2\/comments?post=5969"}],"version-history":[{"count":1,"href":"https:\/\/agora.xtec.cat\/ceip-jrj\/wp-json\/wp\/v2\/posts\/5969\/revisions"}],"predecessor-version":[{"id":5971,"href":"https:\/\/agora.xtec.cat\/ceip-jrj\/wp-json\/wp\/v2\/posts\/5969\/revisions\/5971"}],"wp:featuredmedia":[{"embeddable":true,"href":"https:\/\/agora.xtec.cat\/ceip-jrj\/wp-json\/wp\/v2\/media\/5970"}],"wp:attachment":[{"href":"https:\/\/agora.xtec.cat\/ceip-jrj\/wp-json\/wp\/v2\/media?parent=5969"}],"wp:term":[{"taxonomy":"category","embeddable":true,"href":"https:\/\/agora.xtec.cat\/ceip-jrj\/wp-json\/wp\/v2\/categories?post=5969"},{"taxonomy":"post_tag","embeddable":true,"href":"https:\/\/agora.xtec.cat\/ceip-jrj\/wp-json\/wp\/v2\/tags?post=5969"}],"curies":[{"name":"wp","href":"https:\/\/api.w.org\/{rel}","templated":true}]}}