{"id":5950,"date":"2023-02-15T22:24:32","date_gmt":"2023-02-15T21:24:32","guid":{"rendered":"https:\/\/agora.xtec.cat\/ceip-jrj\/?p=5950"},"modified":"2023-03-06T15:09:50","modified_gmt":"2023-03-06T14:09:50","slug":"recalculem-la-barcelona-medieval-2","status":"publish","type":"post","link":"https:\/\/agora.xtec.cat\/ceip-jrj\/general\/recalculem-la-barcelona-medieval-2\/","title":{"rendered":"Recalculem la Barcelona medieval"},"content":{"rendered":"<p style=\"text-align: justify;\">L&#8217;alumnat de sis\u00e8 ha realitzat l&#8217;activitat <strong><em>Recalculem la Barcelona medieval<\/em><\/strong> a la ciutat comtal aquest divendres 3 de mar\u00e7.<\/p>\n<p style=\"text-align: justify;\">L&#8217;activitat ha consistit en fer una ruta pel barri de la Ribera per con\u00e8ixer tota la seva hist\u00f2ria, alguna que altra llegenda i aprofundir i ampliar els coneixements sobre l&#8217;edat mitjana; i posar en pr\u00e0ctica els sabers de l&#8217;\u00e0rea de matem\u00e0tiques al carrer per tal d&#8217;aprendre&#8217;n de nous, solucionant reptes de la vida quotidiana.<\/p>\n<p style=\"text-align: justify;\">Finalment es va anar al Parc de la Ciutadella per a dinar.<\/p>\n<p style=\"text-align: justify;\">Per a veure v\u00eddeos i fotos clica a <a href=\"https:\/\/photos.app.goo.gl\/4frAnEcN3yH4C4UH7\"><em><strong>GALERIA<\/strong><\/em><\/a><\/p>\n","protected":false},"excerpt":{"rendered":"<p>L&#8217;alumnat de sis\u00e8 ha realitzat l&#8217;activitat Recalculem la Barcelona medieval a la ciutat comtal aquest divendres 3 de mar\u00e7.<br \/>\nL&#8217;activitat ha consistit en fer una ruta pel barri de la Ribera per con\u00e8ixer tota la seva hist\u00f2ria, alguna que altra llegenda i aprofundir i ampliar els&hellip;  <a href=\"https:\/\/agora.xtec.cat\/ceip-jrj\/general\/recalculem-la-barcelona-medieval-2\/\" title=\"Read Recalculem la Barcelona medieval\">Llegeix m\u00e9s\u00bb<\/a><\/p>\n","protected":false},"author":14,"featured_media":5951,"comment_status":"closed","ping_status":"closed","sticky":false,"template":"","format":"standard","meta":{"_bbp_topic_count":0,"_bbp_reply_count":0,"_bbp_total_topic_count":0,"_bbp_total_reply_count":0,"_bbp_voice_count":0,"_bbp_anonymous_reply_count":0,"_bbp_topic_count_hidden":0,"_bbp_reply_count_hidden":0,"_bbp_forum_subforum_count":0,"footnotes":""},"categories":[1,4],"tags":[],"class_list":["post-5950","post","type-post","status-publish","format-standard","has-post-thumbnail","hentry","category-general","category-portada"],"post_mailing_queue_ids":[],"_links":{"self":[{"href":"https:\/\/agora.xtec.cat\/ceip-jrj\/wp-json\/wp\/v2\/posts\/5950","targetHints":{"allow":["GET"]}}],"collection":[{"href":"https:\/\/agora.xtec.cat\/ceip-jrj\/wp-json\/wp\/v2\/posts"}],"about":[{"href":"https:\/\/agora.xtec.cat\/ceip-jrj\/wp-json\/wp\/v2\/types\/post"}],"author":[{"embeddable":true,"href":"https:\/\/agora.xtec.cat\/ceip-jrj\/wp-json\/wp\/v2\/users\/14"}],"replies":[{"embeddable":true,"href":"https:\/\/agora.xtec.cat\/ceip-jrj\/wp-json\/wp\/v2\/comments?post=5950"}],"version-history":[{"count":3,"href":"https:\/\/agora.xtec.cat\/ceip-jrj\/wp-json\/wp\/v2\/posts\/5950\/revisions"}],"predecessor-version":[{"id":5955,"href":"https:\/\/agora.xtec.cat\/ceip-jrj\/wp-json\/wp\/v2\/posts\/5950\/revisions\/5955"}],"wp:featuredmedia":[{"embeddable":true,"href":"https:\/\/agora.xtec.cat\/ceip-jrj\/wp-json\/wp\/v2\/media\/5951"}],"wp:attachment":[{"href":"https:\/\/agora.xtec.cat\/ceip-jrj\/wp-json\/wp\/v2\/media?parent=5950"}],"wp:term":[{"taxonomy":"category","embeddable":true,"href":"https:\/\/agora.xtec.cat\/ceip-jrj\/wp-json\/wp\/v2\/categories?post=5950"},{"taxonomy":"post_tag","embeddable":true,"href":"https:\/\/agora.xtec.cat\/ceip-jrj\/wp-json\/wp\/v2\/tags?post=5950"}],"curies":[{"name":"wp","href":"https:\/\/api.w.org\/{rel}","templated":true}]}}