{"id":5740,"date":"2022-11-02T14:00:57","date_gmt":"2022-11-02T13:00:57","guid":{"rendered":"https:\/\/agora.xtec.cat\/ceip-jrj\/?p=5740"},"modified":"2022-11-07T09:50:08","modified_gmt":"2022-11-07T08:50:08","slug":"la-festa-de-la-castanyada","status":"publish","type":"post","link":"https:\/\/agora.xtec.cat\/ceip-jrj\/general\/la-festa-de-la-castanyada\/","title":{"rendered":"La festa de la Castanyada"},"content":{"rendered":"<p style=\"text-align: left;\"><span style=\"font-weight: 400;\">Ha estat un goig celebrar la festa de la Castanyada a l&#8217;escola. Hem gaudit de sorpreses i activitats engrescadores.\u00a0<\/span><\/p>\n<p><span style=\"font-weight: 400;\">Els m\u00e9s petits divendres pel mat\u00ed van fer un tastet de fruits de la tardor: poma, caqui, ra\u00efm, magrana i codony. I a la tarda van rebre la visita de la Maria Castanyera i van gaudir plegats de balls i can\u00e7ons amb ella.\u00a0<\/span><\/p>\n<p style=\"text-align: left;\"><span style=\"font-weight: 400;\">L\u2019alumnat de cicle mitj\u00e0 i superior van fer manualitats i activitats interdisciplin\u00e0ries entorn el tema de la tradici\u00f3 de la castanyada i el seu origen durant la setmana, van gaudir de tallers de Halloween i fins i tot van veure una exposici\u00f3 de carabasses monstruoses que l\u2019alumnat de sis\u00e8 havia creat. Al divendres a la tarda van baixar al pati a menjar castanyes i\/o fruits de temporada.<\/span><\/p>\n<p>Per veure les imatges d&#8217;aquesta festa tan commemorable clica a <a href=\"https:\/\/photos.app.goo.gl\/H2U26WGam9mNq6dJ8\">GALERIA FOTOGR\u00c0FICA<\/a><\/p>\n","protected":false},"excerpt":{"rendered":"<p>Ha estat un goig celebrar la festa de la Castanyada a l&#8217;escola. Hem gaudit de sorpreses i activitats engrescadores.\u00a0<br \/>\nEls m\u00e9s petits divendres pel mat\u00ed van fer un tastet de fruits de la tardor: poma, caqui, ra\u00efm, magrana i codony. I a la tarda van rebre&hellip;  <a href=\"https:\/\/agora.xtec.cat\/ceip-jrj\/general\/la-festa-de-la-castanyada\/\" title=\"Read La festa de la Castanyada\">Llegeix m\u00e9s\u00bb<\/a><\/p>\n","protected":false},"author":14,"featured_media":5739,"comment_status":"closed","ping_status":"closed","sticky":false,"template":"","format":"standard","meta":{"_bbp_topic_count":0,"_bbp_reply_count":0,"_bbp_total_topic_count":0,"_bbp_total_reply_count":0,"_bbp_voice_count":0,"_bbp_anonymous_reply_count":0,"_bbp_topic_count_hidden":0,"_bbp_reply_count_hidden":0,"_bbp_forum_subforum_count":0,"footnotes":""},"categories":[1,4],"tags":[],"class_list":["post-5740","post","type-post","status-publish","format-standard","has-post-thumbnail","hentry","category-general","category-portada"],"post_mailing_queue_ids":[],"_links":{"self":[{"href":"https:\/\/agora.xtec.cat\/ceip-jrj\/wp-json\/wp\/v2\/posts\/5740","targetHints":{"allow":["GET"]}}],"collection":[{"href":"https:\/\/agora.xtec.cat\/ceip-jrj\/wp-json\/wp\/v2\/posts"}],"about":[{"href":"https:\/\/agora.xtec.cat\/ceip-jrj\/wp-json\/wp\/v2\/types\/post"}],"author":[{"embeddable":true,"href":"https:\/\/agora.xtec.cat\/ceip-jrj\/wp-json\/wp\/v2\/users\/14"}],"replies":[{"embeddable":true,"href":"https:\/\/agora.xtec.cat\/ceip-jrj\/wp-json\/wp\/v2\/comments?post=5740"}],"version-history":[{"count":3,"href":"https:\/\/agora.xtec.cat\/ceip-jrj\/wp-json\/wp\/v2\/posts\/5740\/revisions"}],"predecessor-version":[{"id":5747,"href":"https:\/\/agora.xtec.cat\/ceip-jrj\/wp-json\/wp\/v2\/posts\/5740\/revisions\/5747"}],"wp:featuredmedia":[{"embeddable":true,"href":"https:\/\/agora.xtec.cat\/ceip-jrj\/wp-json\/wp\/v2\/media\/5739"}],"wp:attachment":[{"href":"https:\/\/agora.xtec.cat\/ceip-jrj\/wp-json\/wp\/v2\/media?parent=5740"}],"wp:term":[{"taxonomy":"category","embeddable":true,"href":"https:\/\/agora.xtec.cat\/ceip-jrj\/wp-json\/wp\/v2\/categories?post=5740"},{"taxonomy":"post_tag","embeddable":true,"href":"https:\/\/agora.xtec.cat\/ceip-jrj\/wp-json\/wp\/v2\/tags?post=5740"}],"curies":[{"name":"wp","href":"https:\/\/api.w.org\/{rel}","templated":true}]}}