{"id":5728,"date":"2022-10-30T19:57:42","date_gmt":"2022-10-30T18:57:42","guid":{"rendered":"https:\/\/agora.xtec.cat\/ceip-jrj\/?p=5728"},"modified":"2022-10-30T19:59:37","modified_gmt":"2022-10-30T18:59:37","slug":"temps-de-verema","status":"publish","type":"post","link":"https:\/\/agora.xtec.cat\/ceip-jrj\/general\/temps-de-verema\/","title":{"rendered":"Temps de verema!"},"content":{"rendered":"<p><a href=\"https:\/\/agora.xtec.cat\/ceip-jrj\/wp-content\/uploads\/usu280\/2022\/10\/verema-1.png\"><img loading=\"lazy\" decoding=\"async\" class=\"wp-image-5730 alignleft\" src=\"https:\/\/agora.xtec.cat\/ceip-jrj\/wp-content\/uploads\/usu280\/2022\/10\/verema-1.png\" alt=\"\" width=\"236\" height=\"319\" srcset=\"https:\/\/agora.xtec.cat\/ceip-jrj\/wp-content\/uploads\/usu280\/2022\/10\/verema-1.png 494w, https:\/\/agora.xtec.cat\/ceip-jrj\/wp-content\/uploads\/usu280\/2022\/10\/verema-1-222x300.png 222w\" sizes=\"auto, (max-width: 236px) 100vw, 236px\" \/><\/a><\/p>\n<p>&nbsp;<\/p>\n<p>Dilluns 17 d&#8217;octubre les nenes i els nens de 2n nivell vam anar d&#8217;excursi\u00f3 a la casa de col\u00f2nies Cal Mata, a Saifores. Vam fer diferents activitats relacionades amb la verema com ara la coneixen\u00e7a dels ceps, recollida i trepitjada de ra\u00efm, elaboraci\u00f3 de most, visita a un antic celler i jocs tradicionals. Va ser una estada fant\u00e0stica! Gr\u00e0cies a l&#8217;Anna, el Joel i l&#8217;avi Josep per fer-nos gaudir d&#8217;un dia\u00a0especial!<\/p>\n<p style=\"text-align: center;\"><a href=\"https:\/\/photos.app.goo.gl\/1BVZvhdB1X9HmCKB8\">GALERIA FOTOGR\u00c0FICA<\/a><\/p>\n<p>&nbsp;<\/p>\n<p>&nbsp;<\/p>\n","protected":false},"excerpt":{"rendered":"<p>La tardor que s&#8217;aproxima<br \/>\nretalla i pinta els ra\u00efms<br \/>\nque com uns penjolls de vidre<br \/>\ns&#8217;ajunten fent grans gotims.<br \/>\nEns ho diu la rosada.<br \/>\nEns ho diu el perfum.<br \/>\nEns ho diuen les parres i els ceps.<br \/>\nLa verema \u00e9s a punt!<br \/>\n(Lola Casas)&hellip;  <a href=\"https:\/\/agora.xtec.cat\/ceip-jrj\/general\/temps-de-verema\/\" title=\"Read Temps de verema!\">Llegeix m\u00e9s\u00bb<\/a><\/p>\n","protected":false},"author":9,"featured_media":5729,"comment_status":"closed","ping_status":"closed","sticky":false,"template":"","format":"standard","meta":{"_bbp_topic_count":0,"_bbp_reply_count":0,"_bbp_total_topic_count":0,"_bbp_total_reply_count":0,"_bbp_voice_count":0,"_bbp_anonymous_reply_count":0,"_bbp_topic_count_hidden":0,"_bbp_reply_count_hidden":0,"_bbp_forum_subforum_count":0,"footnotes":""},"categories":[11,1,4,5],"tags":[],"class_list":["post-5728","post","type-post","status-publish","format-standard","has-post-thumbnail","hentry","category-2n","category-general","category-portada","category-primaria"],"post_mailing_queue_ids":[],"_links":{"self":[{"href":"https:\/\/agora.xtec.cat\/ceip-jrj\/wp-json\/wp\/v2\/posts\/5728","targetHints":{"allow":["GET"]}}],"collection":[{"href":"https:\/\/agora.xtec.cat\/ceip-jrj\/wp-json\/wp\/v2\/posts"}],"about":[{"href":"https:\/\/agora.xtec.cat\/ceip-jrj\/wp-json\/wp\/v2\/types\/post"}],"author":[{"embeddable":true,"href":"https:\/\/agora.xtec.cat\/ceip-jrj\/wp-json\/wp\/v2\/users\/9"}],"replies":[{"embeddable":true,"href":"https:\/\/agora.xtec.cat\/ceip-jrj\/wp-json\/wp\/v2\/comments?post=5728"}],"version-history":[{"count":2,"href":"https:\/\/agora.xtec.cat\/ceip-jrj\/wp-json\/wp\/v2\/posts\/5728\/revisions"}],"predecessor-version":[{"id":5734,"href":"https:\/\/agora.xtec.cat\/ceip-jrj\/wp-json\/wp\/v2\/posts\/5728\/revisions\/5734"}],"wp:featuredmedia":[{"embeddable":true,"href":"https:\/\/agora.xtec.cat\/ceip-jrj\/wp-json\/wp\/v2\/media\/5729"}],"wp:attachment":[{"href":"https:\/\/agora.xtec.cat\/ceip-jrj\/wp-json\/wp\/v2\/media?parent=5728"}],"wp:term":[{"taxonomy":"category","embeddable":true,"href":"https:\/\/agora.xtec.cat\/ceip-jrj\/wp-json\/wp\/v2\/categories?post=5728"},{"taxonomy":"post_tag","embeddable":true,"href":"https:\/\/agora.xtec.cat\/ceip-jrj\/wp-json\/wp\/v2\/tags?post=5728"}],"curies":[{"name":"wp","href":"https:\/\/api.w.org\/{rel}","templated":true}]}}