{"id":5713,"date":"2022-10-25T23:53:26","date_gmt":"2022-10-25T21:53:26","guid":{"rendered":"https:\/\/agora.xtec.cat\/ceip-jrj\/?p=5713"},"modified":"2022-10-26T00:02:16","modified_gmt":"2022-10-25T22:02:16","slug":"fem-melmelada-a-can-montcau","status":"publish","type":"post","link":"https:\/\/agora.xtec.cat\/ceip-jrj\/general\/fem-melmelada-a-can-montcau\/","title":{"rendered":"Fem melmelada a Can Montcau!"},"content":{"rendered":"<p>El passat 17 d&#8217;octubre els infants d&#8217;I4 i dels dos I5 van gaudir d&#8217;un dia fant\u00e0stic a Can Montcau. All\u00e0 van fer una passejada pel bosc, tot descobrint i observant arbres fruiters. Mentre passejaven van tenir una gran sorpresa: es van trobar a la Maria castanyera!!! A continuaci\u00f3, van elaborar una melmelada de poma bon\u00edssima. Va ser un dia ben dol\u00e7 i ple de sorpreses. Si voleu veure com s&#8217;ho van passar de b\u00e9, feu clic a l&#8217;enlla\u00e7: <a href=\"https:\/\/photos.app.goo.gl\/XmGYhiQCYn7faFd46\">Galeria fotogr\u00e0fica.<\/a><\/p>\n","protected":false},"excerpt":{"rendered":"<p>El passat 17 d&#8217;octubre els infants d&#8217;I4 i dels dos I5 van gaudir d&#8217;un dia fant\u00e0stic a Can Montcau. All\u00e0 van fer una passejada pel bosc, tot descobrint i observant arbres fruiters. Mentre passejaven van tenir una gran sorpresa: es van trobar a la Maria&hellip;  <a href=\"https:\/\/agora.xtec.cat\/ceip-jrj\/general\/fem-melmelada-a-can-montcau\/\" title=\"Read Fem melmelada a Can Montcau!\">Llegeix m\u00e9s\u00bb<\/a><\/p>\n","protected":false},"author":11,"featured_media":5718,"comment_status":"closed","ping_status":"closed","sticky":false,"template":"","format":"standard","meta":{"_bbp_topic_count":0,"_bbp_reply_count":0,"_bbp_total_topic_count":0,"_bbp_total_reply_count":0,"_bbp_voice_count":0,"_bbp_anonymous_reply_count":0,"_bbp_topic_count_hidden":0,"_bbp_reply_count_hidden":0,"_bbp_forum_subforum_count":0,"footnotes":""},"categories":[1,2,4,5],"tags":[],"class_list":["post-5713","post","type-post","status-publish","format-standard","has-post-thumbnail","hentry","category-general","category-infantil","category-portada","category-primaria"],"post_mailing_queue_ids":[],"_links":{"self":[{"href":"https:\/\/agora.xtec.cat\/ceip-jrj\/wp-json\/wp\/v2\/posts\/5713","targetHints":{"allow":["GET"]}}],"collection":[{"href":"https:\/\/agora.xtec.cat\/ceip-jrj\/wp-json\/wp\/v2\/posts"}],"about":[{"href":"https:\/\/agora.xtec.cat\/ceip-jrj\/wp-json\/wp\/v2\/types\/post"}],"author":[{"embeddable":true,"href":"https:\/\/agora.xtec.cat\/ceip-jrj\/wp-json\/wp\/v2\/users\/11"}],"replies":[{"embeddable":true,"href":"https:\/\/agora.xtec.cat\/ceip-jrj\/wp-json\/wp\/v2\/comments?post=5713"}],"version-history":[{"count":2,"href":"https:\/\/agora.xtec.cat\/ceip-jrj\/wp-json\/wp\/v2\/posts\/5713\/revisions"}],"predecessor-version":[{"id":5802,"href":"https:\/\/agora.xtec.cat\/ceip-jrj\/wp-json\/wp\/v2\/posts\/5713\/revisions\/5802"}],"wp:featuredmedia":[{"embeddable":true,"href":"https:\/\/agora.xtec.cat\/ceip-jrj\/wp-json\/wp\/v2\/media\/5718"}],"wp:attachment":[{"href":"https:\/\/agora.xtec.cat\/ceip-jrj\/wp-json\/wp\/v2\/media?parent=5713"}],"wp:term":[{"taxonomy":"category","embeddable":true,"href":"https:\/\/agora.xtec.cat\/ceip-jrj\/wp-json\/wp\/v2\/categories?post=5713"},{"taxonomy":"post_tag","embeddable":true,"href":"https:\/\/agora.xtec.cat\/ceip-jrj\/wp-json\/wp\/v2\/tags?post=5713"}],"curies":[{"name":"wp","href":"https:\/\/api.w.org\/{rel}","templated":true}]}}