{"id":5703,"date":"2022-10-17T22:22:43","date_gmt":"2022-10-17T20:22:43","guid":{"rendered":"https:\/\/agora.xtec.cat\/ceip-jrj\/?p=5703"},"modified":"2022-10-19T18:57:43","modified_gmt":"2022-10-19T16:57:43","slug":"coneixent-els-animals-de-granja","status":"publish","type":"post","link":"https:\/\/agora.xtec.cat\/ceip-jrj\/general\/coneixent-els-animals-de-granja\/","title":{"rendered":"Coneixent els animals de granja"},"content":{"rendered":"<p><a href=\"https:\/\/agora.xtec.cat\/ceip-jrj\/wp-content\/uploads\/usu280\/2022\/10\/IMG_20221011_132452-scaled.jpg\"><img loading=\"lazy\" decoding=\"async\" class=\"wp-image-5704 alignright\" src=\"https:\/\/agora.xtec.cat\/ceip-jrj\/wp-content\/uploads\/usu280\/2022\/10\/IMG_20221011_132452-768x1024.jpg\" alt=\"\" width=\"185\" height=\"247\" srcset=\"https:\/\/agora.xtec.cat\/ceip-jrj\/wp-content\/uploads\/usu280\/2022\/10\/IMG_20221011_132452-768x1024.jpg 768w, https:\/\/agora.xtec.cat\/ceip-jrj\/wp-content\/uploads\/usu280\/2022\/10\/IMG_20221011_132452-225x300.jpg 225w, https:\/\/agora.xtec.cat\/ceip-jrj\/wp-content\/uploads\/usu280\/2022\/10\/IMG_20221011_132452-1152x1536.jpg 1152w, https:\/\/agora.xtec.cat\/ceip-jrj\/wp-content\/uploads\/usu280\/2022\/10\/IMG_20221011_132452-1536x2048.jpg 1536w, https:\/\/agora.xtec.cat\/ceip-jrj\/wp-content\/uploads\/usu280\/2022\/10\/IMG_20221011_132452-scaled.jpg 1920w\" sizes=\"auto, (max-width: 185px) 100vw, 185px\" \/><\/a><\/p>\n<p>&nbsp;<\/p>\n<p>El passat 11 d&#8217;octubre les nenes i els nens de 1r nivell vam realitzar la nostra primera sortida del trimestre. Vam anar a\u00a0la granja escola <a href=\"https:\/\/www.canpidelaserra.es\/\">Can Pidelaserra<\/a>, situada a Castellbisbal. Vam poder con\u00e8ixer de primera m\u00e0 l&#8217;h\u00e0bitat dels animals de granja i de les seves necessitats di\u00e0ries per viure sans i feli\u00e7os. Va ser una experi\u00e8ncia fant\u00e0stica!<\/p>\n<p>I a m\u00e9s&#8230;vam poder veure la nostra estimada Castanyera!<\/p>\n<p>Si voleu veure les fotografies de la sortida cliqueu l&#8217;enlla\u00e7: <strong><a href=\"https:\/\/photos.app.goo.gl\/tnT1DJEgVduSutty5\">Galeria fotogr\u00e0fica<\/a><\/strong><\/p>\n<p>&nbsp;<\/p>\n","protected":false},"excerpt":{"rendered":"<p>Les nenes i els nens de 1r nivell vam realitzar la nostra primera sortida del trimestre a la granja escola Can Pidelaserra.&hellip;  <a href=\"https:\/\/agora.xtec.cat\/ceip-jrj\/general\/coneixent-els-animals-de-granja\/\" title=\"Read Coneixent els animals de granja\">Llegeix m\u00e9s\u00bb<\/a><\/p>\n","protected":false},"author":9,"featured_media":5705,"comment_status":"closed","ping_status":"closed","sticky":false,"template":"","format":"standard","meta":{"_bbp_topic_count":0,"_bbp_reply_count":0,"_bbp_total_topic_count":0,"_bbp_total_reply_count":0,"_bbp_voice_count":0,"_bbp_anonymous_reply_count":0,"_bbp_topic_count_hidden":0,"_bbp_reply_count_hidden":0,"_bbp_forum_subforum_count":0,"footnotes":""},"categories":[10,1,4,5],"tags":[],"class_list":["post-5703","post","type-post","status-publish","format-standard","has-post-thumbnail","hentry","category-1r","category-general","category-portada","category-primaria"],"post_mailing_queue_ids":[],"_links":{"self":[{"href":"https:\/\/agora.xtec.cat\/ceip-jrj\/wp-json\/wp\/v2\/posts\/5703","targetHints":{"allow":["GET"]}}],"collection":[{"href":"https:\/\/agora.xtec.cat\/ceip-jrj\/wp-json\/wp\/v2\/posts"}],"about":[{"href":"https:\/\/agora.xtec.cat\/ceip-jrj\/wp-json\/wp\/v2\/types\/post"}],"author":[{"embeddable":true,"href":"https:\/\/agora.xtec.cat\/ceip-jrj\/wp-json\/wp\/v2\/users\/9"}],"replies":[{"embeddable":true,"href":"https:\/\/agora.xtec.cat\/ceip-jrj\/wp-json\/wp\/v2\/comments?post=5703"}],"version-history":[{"count":2,"href":"https:\/\/agora.xtec.cat\/ceip-jrj\/wp-json\/wp\/v2\/posts\/5703\/revisions"}],"predecessor-version":[{"id":5707,"href":"https:\/\/agora.xtec.cat\/ceip-jrj\/wp-json\/wp\/v2\/posts\/5703\/revisions\/5707"}],"wp:featuredmedia":[{"embeddable":true,"href":"https:\/\/agora.xtec.cat\/ceip-jrj\/wp-json\/wp\/v2\/media\/5705"}],"wp:attachment":[{"href":"https:\/\/agora.xtec.cat\/ceip-jrj\/wp-json\/wp\/v2\/media?parent=5703"}],"wp:term":[{"taxonomy":"category","embeddable":true,"href":"https:\/\/agora.xtec.cat\/ceip-jrj\/wp-json\/wp\/v2\/categories?post=5703"},{"taxonomy":"post_tag","embeddable":true,"href":"https:\/\/agora.xtec.cat\/ceip-jrj\/wp-json\/wp\/v2\/tags?post=5703"}],"curies":[{"name":"wp","href":"https:\/\/api.w.org\/{rel}","templated":true}]}}