{"id":5576,"date":"2022-06-19T12:03:08","date_gmt":"2022-06-19T10:03:08","guid":{"rendered":"https:\/\/agora.xtec.cat\/ceip-jrj\/?p=5576"},"modified":"2022-06-19T12:05:12","modified_gmt":"2022-06-19T10:05:12","slug":"els-patis-somplen-de-families","status":"publish","type":"post","link":"https:\/\/agora.xtec.cat\/ceip-jrj\/portada\/els-patis-somplen-de-families\/","title":{"rendered":"Els patis s&#8217;omplen de fam\u00edlies!!"},"content":{"rendered":"<p>Per fi, despr\u00e9s de dos anys, hem pogut omplir els patis de fam\u00edlies.<\/p>\n<p>El passat divendres dia 17 de juny, l&#8217;AMPA va organitzar la seva festa. Van oferir a les fam\u00edlies activitats engrescadores i molt divertides. Hi havia festa de l&#8217;escuma, futbol\u00ed hum\u00e0, b\u00e0squet 3&#215;3 i concurs de Got talent. Fins i tot va haver un taller de mojitos. La participaci\u00f3 va ser molt alta i l&#8217;organitzaci\u00f3 molt bona.\u00a0 Tots ten\u00edem moltes ganes d&#8217;omplir de vida els patis i compartir amb les fam\u00edlies. Va ser una gran tarda.<\/p>\n<p><a href=\"https:\/\/agora.xtec.cat\/ceip-jrj\/portada\/els-patis-somplen-de-families\/attachment\/photo-2022-06-18-09-36-11\/\" rel=\"attachment wp-att-5577\"><img loading=\"lazy\" decoding=\"async\" class=\"alignnone size-large wp-image-5577\" src=\"https:\/\/agora.xtec.cat\/ceip-jrj\/wp-content\/uploads\/usu280\/2022\/06\/PHOTO-2022-06-18-09-36-11-576x1024.jpg\" alt=\"\" width=\"576\" height=\"1024\" srcset=\"https:\/\/agora.xtec.cat\/ceip-jrj\/wp-content\/uploads\/usu280\/2022\/06\/PHOTO-2022-06-18-09-36-11-576x1024.jpg 576w, https:\/\/agora.xtec.cat\/ceip-jrj\/wp-content\/uploads\/usu280\/2022\/06\/PHOTO-2022-06-18-09-36-11-169x300.jpg 169w, https:\/\/agora.xtec.cat\/ceip-jrj\/wp-content\/uploads\/usu280\/2022\/06\/PHOTO-2022-06-18-09-36-11-768x1365.jpg 768w, https:\/\/agora.xtec.cat\/ceip-jrj\/wp-content\/uploads\/usu280\/2022\/06\/PHOTO-2022-06-18-09-36-11-864x1536.jpg 864w, https:\/\/agora.xtec.cat\/ceip-jrj\/wp-content\/uploads\/usu280\/2022\/06\/PHOTO-2022-06-18-09-36-11.jpg 1134w\" sizes=\"auto, (max-width: 576px) 100vw, 576px\" \/><\/a><\/p>\n<p><a href=\"https:\/\/agora.xtec.cat\/ceip-jrj\/portada\/els-patis-somplen-de-families\/attachment\/photo-2022-06-18-09-36-10-1\/\" rel=\"attachment wp-att-5578\"><img loading=\"lazy\" decoding=\"async\" class=\"alignnone size-large wp-image-5578\" src=\"https:\/\/agora.xtec.cat\/ceip-jrj\/wp-content\/uploads\/usu280\/2022\/06\/PHOTO-2022-06-18-09-36-10-1-1024x576.jpg\" alt=\"\" width=\"1024\" height=\"576\" srcset=\"https:\/\/agora.xtec.cat\/ceip-jrj\/wp-content\/uploads\/usu280\/2022\/06\/PHOTO-2022-06-18-09-36-10-1-1024x576.jpg 1024w, https:\/\/agora.xtec.cat\/ceip-jrj\/wp-content\/uploads\/usu280\/2022\/06\/PHOTO-2022-06-18-09-36-10-1-300x169.jpg 300w, https:\/\/agora.xtec.cat\/ceip-jrj\/wp-content\/uploads\/usu280\/2022\/06\/PHOTO-2022-06-18-09-36-10-1-768x432.jpg 768w, https:\/\/agora.xtec.cat\/ceip-jrj\/wp-content\/uploads\/usu280\/2022\/06\/PHOTO-2022-06-18-09-36-10-1-1536x864.jpg 1536w, https:\/\/agora.xtec.cat\/ceip-jrj\/wp-content\/uploads\/usu280\/2022\/06\/PHOTO-2022-06-18-09-36-10-1.jpg 2016w\" sizes=\"auto, (max-width: 1024px) 100vw, 1024px\" \/><\/a><\/p>\n<p>En acabar la festa de l&#8217;AMPA, les fam\u00edlies i professors van compartir un sopar de comiat de l&#8217;alumnat de sis\u00e8. Es va crear un ambit molt m\u00e0gic i les emocions estaven a flor de pell. Va ser una gran vetllada, molt ben organitzada per part de les fam\u00edlies on vam gaudir d&#8217;un bon sopar en una compayia immillorable. Molta sort nens i nenes de sis\u00e8 en la nova etapa que comenceu. Us trobarem a faltar!!<\/p>\n<p><a href=\"https:\/\/agora.xtec.cat\/ceip-jrj\/portada\/els-patis-somplen-de-families\/attachment\/photo-2022-06-18-20-25-36-2\/\" rel=\"attachment wp-att-5581\"><img loading=\"lazy\" decoding=\"async\" class=\"alignnone size-large wp-image-5581\" src=\"https:\/\/agora.xtec.cat\/ceip-jrj\/wp-content\/uploads\/usu280\/2022\/06\/PHOTO-2022-06-18-20-25-36-2-1024x461.jpg\" alt=\"\" width=\"1024\" height=\"461\" srcset=\"https:\/\/agora.xtec.cat\/ceip-jrj\/wp-content\/uploads\/usu280\/2022\/06\/PHOTO-2022-06-18-20-25-36-2-1024x461.jpg 1024w, https:\/\/agora.xtec.cat\/ceip-jrj\/wp-content\/uploads\/usu280\/2022\/06\/PHOTO-2022-06-18-20-25-36-2-300x135.jpg 300w, https:\/\/agora.xtec.cat\/ceip-jrj\/wp-content\/uploads\/usu280\/2022\/06\/PHOTO-2022-06-18-20-25-36-2-768x346.jpg 768w, https:\/\/agora.xtec.cat\/ceip-jrj\/wp-content\/uploads\/usu280\/2022\/06\/PHOTO-2022-06-18-20-25-36-2-1536x691.jpg 1536w, https:\/\/agora.xtec.cat\/ceip-jrj\/wp-content\/uploads\/usu280\/2022\/06\/PHOTO-2022-06-18-20-25-36-2.jpg 2000w\" sizes=\"auto, (max-width: 1024px) 100vw, 1024px\" \/><\/a> <a href=\"https:\/\/agora.xtec.cat\/ceip-jrj\/portada\/els-patis-somplen-de-families\/attachment\/photo-2022-06-18-20-46-21\/\" rel=\"attachment wp-att-5580\"><img loading=\"lazy\" decoding=\"async\" class=\"alignnone size-large wp-image-5580\" src=\"https:\/\/agora.xtec.cat\/ceip-jrj\/wp-content\/uploads\/usu280\/2022\/06\/PHOTO-2022-06-18-20-46-21-1024x768.jpg\" alt=\"\" width=\"1024\" height=\"768\" srcset=\"https:\/\/agora.xtec.cat\/ceip-jrj\/wp-content\/uploads\/usu280\/2022\/06\/PHOTO-2022-06-18-20-46-21-1024x768.jpg 1024w, https:\/\/agora.xtec.cat\/ceip-jrj\/wp-content\/uploads\/usu280\/2022\/06\/PHOTO-2022-06-18-20-46-21-300x225.jpg 300w, https:\/\/agora.xtec.cat\/ceip-jrj\/wp-content\/uploads\/usu280\/2022\/06\/PHOTO-2022-06-18-20-46-21-768x576.jpg 768w, https:\/\/agora.xtec.cat\/ceip-jrj\/wp-content\/uploads\/usu280\/2022\/06\/PHOTO-2022-06-18-20-46-21-1536x1152.jpg 1536w, https:\/\/agora.xtec.cat\/ceip-jrj\/wp-content\/uploads\/usu280\/2022\/06\/PHOTO-2022-06-18-20-46-21-200x150.jpg 200w, https:\/\/agora.xtec.cat\/ceip-jrj\/wp-content\/uploads\/usu280\/2022\/06\/PHOTO-2022-06-18-20-46-21.jpg 2000w\" sizes=\"auto, (max-width: 1024px) 100vw, 1024px\" \/><\/a><\/p>\n","protected":false},"excerpt":{"rendered":"<p>Per fi els patis s&#8217;omplen de fam\u00edlies en la festa de l&#8217;AMPA i el sopar de sis\u00e8!!&hellip;  <a href=\"https:\/\/agora.xtec.cat\/ceip-jrj\/portada\/els-patis-somplen-de-families\/\" title=\"Read Els patis s&#8217;omplen de fam\u00edlies!!\">Llegeix m\u00e9s\u00bb<\/a><\/p>\n","protected":false},"author":1,"featured_media":5580,"comment_status":"open","ping_status":"closed","sticky":false,"template":"","format":"standard","meta":{"_bbp_topic_count":0,"_bbp_reply_count":0,"_bbp_total_topic_count":0,"_bbp_total_reply_count":0,"_bbp_voice_count":0,"_bbp_anonymous_reply_count":0,"_bbp_topic_count_hidden":0,"_bbp_reply_count_hidden":0,"_bbp_forum_subforum_count":0,"footnotes":""},"categories":[4],"tags":[],"class_list":["post-5576","post","type-post","status-publish","format-standard","has-post-thumbnail","hentry","category-portada"],"post_mailing_queue_ids":[],"_links":{"self":[{"href":"https:\/\/agora.xtec.cat\/ceip-jrj\/wp-json\/wp\/v2\/posts\/5576","targetHints":{"allow":["GET"]}}],"collection":[{"href":"https:\/\/agora.xtec.cat\/ceip-jrj\/wp-json\/wp\/v2\/posts"}],"about":[{"href":"https:\/\/agora.xtec.cat\/ceip-jrj\/wp-json\/wp\/v2\/types\/post"}],"author":[{"embeddable":true,"href":"https:\/\/agora.xtec.cat\/ceip-jrj\/wp-json\/wp\/v2\/users\/1"}],"replies":[{"embeddable":true,"href":"https:\/\/agora.xtec.cat\/ceip-jrj\/wp-json\/wp\/v2\/comments?post=5576"}],"version-history":[{"count":3,"href":"https:\/\/agora.xtec.cat\/ceip-jrj\/wp-json\/wp\/v2\/posts\/5576\/revisions"}],"predecessor-version":[{"id":5586,"href":"https:\/\/agora.xtec.cat\/ceip-jrj\/wp-json\/wp\/v2\/posts\/5576\/revisions\/5586"}],"wp:featuredmedia":[{"embeddable":true,"href":"https:\/\/agora.xtec.cat\/ceip-jrj\/wp-json\/wp\/v2\/media\/5580"}],"wp:attachment":[{"href":"https:\/\/agora.xtec.cat\/ceip-jrj\/wp-json\/wp\/v2\/media?parent=5576"}],"wp:term":[{"taxonomy":"category","embeddable":true,"href":"https:\/\/agora.xtec.cat\/ceip-jrj\/wp-json\/wp\/v2\/categories?post=5576"},{"taxonomy":"post_tag","embeddable":true,"href":"https:\/\/agora.xtec.cat\/ceip-jrj\/wp-json\/wp\/v2\/tags?post=5576"}],"curies":[{"name":"wp","href":"https:\/\/api.w.org\/{rel}","templated":true}]}}