{"id":5566,"date":"2022-06-08T20:45:43","date_gmt":"2022-06-08T18:45:43","guid":{"rendered":"https:\/\/agora.xtec.cat\/ceip-jrj\/?p=5566"},"modified":"2022-06-08T20:51:08","modified_gmt":"2022-06-08T18:51:08","slug":"al-agua-patos","status":"publish","type":"post","link":"https:\/\/agora.xtec.cat\/ceip-jrj\/general\/al-agua-patos\/","title":{"rendered":"\u00a1Al agua patos!"},"content":{"rendered":"<p><img loading=\"lazy\" decoding=\"async\" class=\"alignright\" src=\"https:\/\/cdn.pixabay.com\/photo\/2014\/12\/26\/16\/01\/swim-580497_1280.jpg\" alt=\"Nadar Chico Ni\u00f1o Gorra De - Imagen gratis en Pixabay\" width=\"312\" height=\"234\" \/><\/p>\n<p>Dimecres 8 de juny va finalitzar el programa de Nataci\u00f3 Escolar adre\u00e7at als grups de 2n de la nostra escola. Aquesta activitat t\u00e9 com a finalitat que tots els infants del municipi, tinguin un nivell de nataci\u00f3 utilit\u00e0ria i de superviv\u00e8ncia al medi aqu\u00e0tic.<br \/>\nEls alumnes han gaudit molt d&#8217;aquesta darrera sessi\u00f3, ja que van poder comptar amb uns &#8220;visitants&#8221; excepcionals: les seves fam\u00edlies!<br \/>\nI ara&#8230; a posar en pr\u00e0ctica tot el que han apr\u00e8s!<\/p>\n<h3 style=\"text-align: center;\"><a href=\"https:\/\/photos.app.goo.gl\/ChUdhdiTndpnrjCc6\">Galeria Fotogr\u00e0fica<\/a><\/h3>\n","protected":false},"excerpt":{"rendered":"<p>Xip, xap, xip, xap&#8230;<br \/>\nTots a l&#8217;aigua, tots a l&#8217;aigua.<br \/>\nXip, xap, xip, xap&#8230;<br \/>\nTots volem venir a nedar!<br \/>\n(fragment de &#8220;Can\u00e7\u00f3 d\u2019anar a nedar&#8221; de F. Bofill, A. Puig, F. Serrat i Ireneu Segarra).<br \/>\n&hellip;  <a href=\"https:\/\/agora.xtec.cat\/ceip-jrj\/general\/al-agua-patos\/\" title=\"Read \u00a1Al agua patos!\">Llegeix m\u00e9s\u00bb<\/a><\/p>\n","protected":false},"author":9,"featured_media":5567,"comment_status":"closed","ping_status":"closed","sticky":false,"template":"","format":"standard","meta":{"_bbp_topic_count":0,"_bbp_reply_count":0,"_bbp_total_topic_count":0,"_bbp_total_reply_count":0,"_bbp_voice_count":0,"_bbp_anonymous_reply_count":0,"_bbp_topic_count_hidden":0,"_bbp_reply_count_hidden":0,"_bbp_forum_subforum_count":0,"footnotes":""},"categories":[11,1,4,5],"tags":[],"class_list":["post-5566","post","type-post","status-publish","format-standard","has-post-thumbnail","hentry","category-2n","category-general","category-portada","category-primaria"],"post_mailing_queue_ids":[],"_links":{"self":[{"href":"https:\/\/agora.xtec.cat\/ceip-jrj\/wp-json\/wp\/v2\/posts\/5566","targetHints":{"allow":["GET"]}}],"collection":[{"href":"https:\/\/agora.xtec.cat\/ceip-jrj\/wp-json\/wp\/v2\/posts"}],"about":[{"href":"https:\/\/agora.xtec.cat\/ceip-jrj\/wp-json\/wp\/v2\/types\/post"}],"author":[{"embeddable":true,"href":"https:\/\/agora.xtec.cat\/ceip-jrj\/wp-json\/wp\/v2\/users\/9"}],"replies":[{"embeddable":true,"href":"https:\/\/agora.xtec.cat\/ceip-jrj\/wp-json\/wp\/v2\/comments?post=5566"}],"version-history":[{"count":3,"href":"https:\/\/agora.xtec.cat\/ceip-jrj\/wp-json\/wp\/v2\/posts\/5566\/revisions"}],"predecessor-version":[{"id":5571,"href":"https:\/\/agora.xtec.cat\/ceip-jrj\/wp-json\/wp\/v2\/posts\/5566\/revisions\/5571"}],"wp:featuredmedia":[{"embeddable":true,"href":"https:\/\/agora.xtec.cat\/ceip-jrj\/wp-json\/wp\/v2\/media\/5567"}],"wp:attachment":[{"href":"https:\/\/agora.xtec.cat\/ceip-jrj\/wp-json\/wp\/v2\/media?parent=5566"}],"wp:term":[{"taxonomy":"category","embeddable":true,"href":"https:\/\/agora.xtec.cat\/ceip-jrj\/wp-json\/wp\/v2\/categories?post=5566"},{"taxonomy":"post_tag","embeddable":true,"href":"https:\/\/agora.xtec.cat\/ceip-jrj\/wp-json\/wp\/v2\/tags?post=5566"}],"curies":[{"name":"wp","href":"https:\/\/api.w.org\/{rel}","templated":true}]}}