{"id":5469,"date":"2022-05-08T12:28:31","date_gmt":"2022-05-08T10:28:31","guid":{"rendered":"https:\/\/agora.xtec.cat\/ceip-jrj\/?p=5469"},"modified":"2022-05-08T12:30:52","modified_gmt":"2022-05-08T10:30:52","slug":"una-experiencia-unica-a-la-granja-escola-les-tanques","status":"publish","type":"post","link":"https:\/\/agora.xtec.cat\/ceip-jrj\/general\/una-experiencia-unica-a-la-granja-escola-les-tanques\/","title":{"rendered":"Una experi\u00e8ncia \u00fanica a la granja escola &#8220;Les Tanques&#8221;"},"content":{"rendered":"<p><a href=\"https:\/\/agora.xtec.cat\/ceip-jrj\/wp-content\/uploads\/usu280\/2022\/05\/0fcdd786-b1bb-4a8f-9684-8c8275b542e1.jpg\"><img loading=\"lazy\" decoding=\"async\" class=\" wp-image-5472 alignleft\" src=\"https:\/\/agora.xtec.cat\/ceip-jrj\/wp-content\/uploads\/usu280\/2022\/05\/0fcdd786-b1bb-4a8f-9684-8c8275b542e1-1024x768.jpg\" alt=\"\" width=\"306\" height=\"229\" srcset=\"https:\/\/agora.xtec.cat\/ceip-jrj\/wp-content\/uploads\/usu280\/2022\/05\/0fcdd786-b1bb-4a8f-9684-8c8275b542e1-1024x768.jpg 1024w, https:\/\/agora.xtec.cat\/ceip-jrj\/wp-content\/uploads\/usu280\/2022\/05\/0fcdd786-b1bb-4a8f-9684-8c8275b542e1-300x225.jpg 300w, https:\/\/agora.xtec.cat\/ceip-jrj\/wp-content\/uploads\/usu280\/2022\/05\/0fcdd786-b1bb-4a8f-9684-8c8275b542e1-768x576.jpg 768w, https:\/\/agora.xtec.cat\/ceip-jrj\/wp-content\/uploads\/usu280\/2022\/05\/0fcdd786-b1bb-4a8f-9684-8c8275b542e1-1536x1152.jpg 1536w, https:\/\/agora.xtec.cat\/ceip-jrj\/wp-content\/uploads\/usu280\/2022\/05\/0fcdd786-b1bb-4a8f-9684-8c8275b542e1-200x150.jpg 200w, https:\/\/agora.xtec.cat\/ceip-jrj\/wp-content\/uploads\/usu280\/2022\/05\/0fcdd786-b1bb-4a8f-9684-8c8275b542e1.jpg 1600w\" sizes=\"auto, (max-width: 306px) 100vw, 306px\" \/><\/a><\/p>\n<p>Divendres 6 de maig els nens i les nenes de 1r nivell vam viure una experi\u00e8ncia \u00fanica i plena d\u2019emocions en companyia dels animals i monitors\/es de la granja escola &#8220;Les Tanques&#8221; de Viladecans.<\/p>\n<p>Vam fer diferents activitats relacionades amb\u00a0<span style=\"font-weight: 400;\">el coneixement dels animals de granja i la feina de granger\/a; i amb el m\u00f3n del poni i del cavall. Va ser una excursi\u00f3 molt enriquidora i vam gaudir molt\u00edssim!<\/span><\/p>\n<h4 style=\"text-align: center;\"><a href=\"https:\/\/photos.app.goo.gl\/ipmmM1vCzhTaph4N6\">GALERIA FOTOGR\u00c0FICA<\/a><\/h4>\n","protected":false},"excerpt":{"rendered":"<p>Divendres 6 de maig els nens i les nenes de 1r nivell vam viure una experi\u00e8ncia \u00fanica i plena d\u2019emocions en companyia dels animals i monitors\/es de la granja escola &#8220;Les Tanques&#8221; de Viladecans.&hellip;  <a href=\"https:\/\/agora.xtec.cat\/ceip-jrj\/general\/una-experiencia-unica-a-la-granja-escola-les-tanques\/\" title=\"Read Una experi\u00e8ncia \u00fanica a la granja escola &#8220;Les Tanques&#8221;\">Llegeix m\u00e9s\u00bb<\/a><\/p>\n","protected":false},"author":9,"featured_media":5471,"comment_status":"closed","ping_status":"closed","sticky":false,"template":"","format":"standard","meta":{"_bbp_topic_count":0,"_bbp_reply_count":0,"_bbp_total_topic_count":0,"_bbp_total_reply_count":0,"_bbp_voice_count":0,"_bbp_anonymous_reply_count":0,"_bbp_topic_count_hidden":0,"_bbp_reply_count_hidden":0,"_bbp_forum_subforum_count":0,"footnotes":""},"categories":[10,1,4,5],"tags":[],"class_list":["post-5469","post","type-post","status-publish","format-standard","has-post-thumbnail","hentry","category-1r","category-general","category-portada","category-primaria"],"post_mailing_queue_ids":[],"_links":{"self":[{"href":"https:\/\/agora.xtec.cat\/ceip-jrj\/wp-json\/wp\/v2\/posts\/5469","targetHints":{"allow":["GET"]}}],"collection":[{"href":"https:\/\/agora.xtec.cat\/ceip-jrj\/wp-json\/wp\/v2\/posts"}],"about":[{"href":"https:\/\/agora.xtec.cat\/ceip-jrj\/wp-json\/wp\/v2\/types\/post"}],"author":[{"embeddable":true,"href":"https:\/\/agora.xtec.cat\/ceip-jrj\/wp-json\/wp\/v2\/users\/9"}],"replies":[{"embeddable":true,"href":"https:\/\/agora.xtec.cat\/ceip-jrj\/wp-json\/wp\/v2\/comments?post=5469"}],"version-history":[{"count":3,"href":"https:\/\/agora.xtec.cat\/ceip-jrj\/wp-json\/wp\/v2\/posts\/5469\/revisions"}],"predecessor-version":[{"id":5476,"href":"https:\/\/agora.xtec.cat\/ceip-jrj\/wp-json\/wp\/v2\/posts\/5469\/revisions\/5476"}],"wp:featuredmedia":[{"embeddable":true,"href":"https:\/\/agora.xtec.cat\/ceip-jrj\/wp-json\/wp\/v2\/media\/5471"}],"wp:attachment":[{"href":"https:\/\/agora.xtec.cat\/ceip-jrj\/wp-json\/wp\/v2\/media?parent=5469"}],"wp:term":[{"taxonomy":"category","embeddable":true,"href":"https:\/\/agora.xtec.cat\/ceip-jrj\/wp-json\/wp\/v2\/categories?post=5469"},{"taxonomy":"post_tag","embeddable":true,"href":"https:\/\/agora.xtec.cat\/ceip-jrj\/wp-json\/wp\/v2\/tags?post=5469"}],"curies":[{"name":"wp","href":"https:\/\/api.w.org\/{rel}","templated":true}]}}