{"id":5433,"date":"2022-04-20T13:09:16","date_gmt":"2022-04-20T11:09:16","guid":{"rendered":"https:\/\/agora.xtec.cat\/ceip-jrj\/?p=5433"},"modified":"2022-04-20T13:10:19","modified_gmt":"2022-04-20T11:10:19","slug":"sortida-a-la-serrde-lataix-i-les-barraques-de-vinya","status":"publish","type":"post","link":"https:\/\/agora.xtec.cat\/ceip-jrj\/general\/sortida-a-la-serrde-lataix-i-les-barraques-de-vinya\/","title":{"rendered":"SORTIDA A LA SERRA DE L\u2019ATAIX I LES BARRAQUES DE VINYA"},"content":{"rendered":"<p><span style=\"font-weight: 400;\">El passat 8 d&#8217;abril l&#8217;alumnat\u00a0de sis\u00e8 vam fer una sortida a la serra de l&#8217;Ataix i vam poder observar les barraques de vinya que hi ha a la muntanya.<\/span><\/p>\n<p><span style=\"font-weight: 400;\">La vinya va ser durant els segles XVIII i XIX el principal cultiu de Catalunya. La llunyania dels conreus respecte als habitatges dels pagesos va fer que es constru\u00efssin barraques situades a les mateixes vinyes. Eren construccions fetes amb la pedra que s&#8217;obtenia en despedregar la terra per a cultivar-la. No s&#8217;utilitzaven materials d&#8217;uni\u00f3 com fang o morter per a fer-les, per la qual cosa la t\u00e8cnica es coneix com la pedra seca.<\/span><\/p>\n<p><span style=\"font-weight: 400;\">La pernoctaci\u00f3 no hi era habitual, sin\u00f3 que m\u00e9s aviat servien com a refugi en cas de temporals i com a magatzem d&#8217;eines. L&#8217;arribada de la plaga de la fil\u00b7loxera i la millora de mitjans i comunicacions, van significar que les barraques es deixessin de construir durant la primera meitat del segle XX.<\/span><\/p>\n<p><span style=\"font-weight: 400;\">Va ser una bona manera d&#8217;acabar el trimestre. Vam caminar molt i vam descobrir coses molt interessants. Tamb\u00e9 hem vist que la zona cremada torna a comen\u00e7ar a tenir vida.<\/span><\/p>\n<p><a href=\"https:\/\/photos.app.goo.gl\/sM2YKNjc3PVbqJhdA\">ARXIU FOTOGR\u00c0FIC<\/a><\/p>\n","protected":false},"excerpt":{"rendered":"<p>El passat 8 d&#8217;abril l&#8217;alumnat\u00a0de sis\u00e8 vam fer una sortida a la serra de l&#8217;Ataix i vam poder observar les barraques de vinya que hi ha a la muntanya.<br \/>\nLa vinya va ser durant els segles XVIII i XIX el principal cultiu de Catalunya. La llunyania&hellip;  <a href=\"https:\/\/agora.xtec.cat\/ceip-jrj\/general\/sortida-a-la-serrde-lataix-i-les-barraques-de-vinya\/\" title=\"Read SORTIDA A LA SERRA DE L\u2019ATAIX I LES BARRAQUES DE VINYA\">Llegeix m\u00e9s\u00bb<\/a><\/p>\n","protected":false},"author":14,"featured_media":5434,"comment_status":"closed","ping_status":"closed","sticky":false,"template":"","format":"standard","meta":{"_bbp_topic_count":0,"_bbp_reply_count":0,"_bbp_total_topic_count":0,"_bbp_total_reply_count":0,"_bbp_voice_count":0,"_bbp_anonymous_reply_count":0,"_bbp_topic_count_hidden":0,"_bbp_reply_count_hidden":0,"_bbp_forum_subforum_count":0,"footnotes":""},"categories":[1,4],"tags":[],"class_list":["post-5433","post","type-post","status-publish","format-standard","has-post-thumbnail","hentry","category-general","category-portada"],"post_mailing_queue_ids":[],"_links":{"self":[{"href":"https:\/\/agora.xtec.cat\/ceip-jrj\/wp-json\/wp\/v2\/posts\/5433","targetHints":{"allow":["GET"]}}],"collection":[{"href":"https:\/\/agora.xtec.cat\/ceip-jrj\/wp-json\/wp\/v2\/posts"}],"about":[{"href":"https:\/\/agora.xtec.cat\/ceip-jrj\/wp-json\/wp\/v2\/types\/post"}],"author":[{"embeddable":true,"href":"https:\/\/agora.xtec.cat\/ceip-jrj\/wp-json\/wp\/v2\/users\/14"}],"replies":[{"embeddable":true,"href":"https:\/\/agora.xtec.cat\/ceip-jrj\/wp-json\/wp\/v2\/comments?post=5433"}],"version-history":[{"count":2,"href":"https:\/\/agora.xtec.cat\/ceip-jrj\/wp-json\/wp\/v2\/posts\/5433\/revisions"}],"predecessor-version":[{"id":5436,"href":"https:\/\/agora.xtec.cat\/ceip-jrj\/wp-json\/wp\/v2\/posts\/5433\/revisions\/5436"}],"wp:featuredmedia":[{"embeddable":true,"href":"https:\/\/agora.xtec.cat\/ceip-jrj\/wp-json\/wp\/v2\/media\/5434"}],"wp:attachment":[{"href":"https:\/\/agora.xtec.cat\/ceip-jrj\/wp-json\/wp\/v2\/media?parent=5433"}],"wp:term":[{"taxonomy":"category","embeddable":true,"href":"https:\/\/agora.xtec.cat\/ceip-jrj\/wp-json\/wp\/v2\/categories?post=5433"},{"taxonomy":"post_tag","embeddable":true,"href":"https:\/\/agora.xtec.cat\/ceip-jrj\/wp-json\/wp\/v2\/tags?post=5433"}],"curies":[{"name":"wp","href":"https:\/\/api.w.org\/{rel}","templated":true}]}}