{"id":5429,"date":"2022-04-15T22:07:03","date_gmt":"2022-04-15T20:07:03","guid":{"rendered":"https:\/\/agora.xtec.cat\/ceip-jrj\/?p=5429"},"modified":"2022-04-20T00:15:20","modified_gmt":"2022-04-19T22:15:20","slug":"els-infants-de-3-anys-visiten-la-biblioteca","status":"publish","type":"post","link":"https:\/\/agora.xtec.cat\/ceip-jrj\/general\/els-infants-de-3-anys-visiten-la-biblioteca\/","title":{"rendered":"ELS INFANTS DE 3 ANYS VISITEN LA BIBLIOTECA!!!"},"content":{"rendered":"<p>Fa uns dies els nens i les nenes d&#8217;I3 vam anar de visita a la Biblioteca Municipal. All\u00e0 ens van explicar un conte preci\u00f3s que ens va agradar molt. Tamb\u00e9 vam poder mirar un munt de contes de tot tipus (interactius, pop-up, animats, d&#8217;imatges, de dinosaures, &#8230;). Ens ho vam passar d&#8217;all\u00f2 m\u00e9s b\u00e9!!! Si voleu veure com va anar la visita, <a href=\"https:\/\/photos.app.goo.gl\/T4wJMSS5WRGo2KVZ7\">feu clic aqu\u00ed i mireu, mireu&#8230;<\/a><\/p>\n","protected":false},"excerpt":{"rendered":"<p>Fa uns dies els nens i les nenes d&#8217;I3 vam anar de visita a la Biblioteca Municipal. All\u00e0 ens van explicar un conte preci\u00f3s que ens va agradar molt. Tamb\u00e9 vam poder mirar un munt de contes de tot tipus (interactius, pop-up, animats, d&#8217;imatges, de&hellip;  <a href=\"https:\/\/agora.xtec.cat\/ceip-jrj\/general\/els-infants-de-3-anys-visiten-la-biblioteca\/\" title=\"Read ELS INFANTS DE 3 ANYS VISITEN LA BIBLIOTECA!!!\">Llegeix m\u00e9s\u00bb<\/a><\/p>\n","protected":false},"author":11,"featured_media":5430,"comment_status":"closed","ping_status":"closed","sticky":false,"template":"","format":"standard","meta":{"_bbp_topic_count":0,"_bbp_reply_count":0,"_bbp_total_topic_count":0,"_bbp_total_reply_count":0,"_bbp_voice_count":0,"_bbp_anonymous_reply_count":0,"_bbp_topic_count_hidden":0,"_bbp_reply_count_hidden":0,"_bbp_forum_subforum_count":0,"footnotes":""},"categories":[1,2,4,5],"tags":[],"class_list":["post-5429","post","type-post","status-publish","format-standard","has-post-thumbnail","hentry","category-general","category-infantil","category-portada","category-primaria"],"post_mailing_queue_ids":[],"_links":{"self":[{"href":"https:\/\/agora.xtec.cat\/ceip-jrj\/wp-json\/wp\/v2\/posts\/5429","targetHints":{"allow":["GET"]}}],"collection":[{"href":"https:\/\/agora.xtec.cat\/ceip-jrj\/wp-json\/wp\/v2\/posts"}],"about":[{"href":"https:\/\/agora.xtec.cat\/ceip-jrj\/wp-json\/wp\/v2\/types\/post"}],"author":[{"embeddable":true,"href":"https:\/\/agora.xtec.cat\/ceip-jrj\/wp-json\/wp\/v2\/users\/11"}],"replies":[{"embeddable":true,"href":"https:\/\/agora.xtec.cat\/ceip-jrj\/wp-json\/wp\/v2\/comments?post=5429"}],"version-history":[{"count":1,"href":"https:\/\/agora.xtec.cat\/ceip-jrj\/wp-json\/wp\/v2\/posts\/5429\/revisions"}],"predecessor-version":[{"id":5431,"href":"https:\/\/agora.xtec.cat\/ceip-jrj\/wp-json\/wp\/v2\/posts\/5429\/revisions\/5431"}],"wp:featuredmedia":[{"embeddable":true,"href":"https:\/\/agora.xtec.cat\/ceip-jrj\/wp-json\/wp\/v2\/media\/5430"}],"wp:attachment":[{"href":"https:\/\/agora.xtec.cat\/ceip-jrj\/wp-json\/wp\/v2\/media?parent=5429"}],"wp:term":[{"taxonomy":"category","embeddable":true,"href":"https:\/\/agora.xtec.cat\/ceip-jrj\/wp-json\/wp\/v2\/categories?post=5429"},{"taxonomy":"post_tag","embeddable":true,"href":"https:\/\/agora.xtec.cat\/ceip-jrj\/wp-json\/wp\/v2\/tags?post=5429"}],"curies":[{"name":"wp","href":"https:\/\/api.w.org\/{rel}","templated":true}]}}