{"id":5397,"date":"2022-04-06T18:49:06","date_gmt":"2022-04-06T16:49:06","guid":{"rendered":"https:\/\/agora.xtec.cat\/ceip-jrj\/?p=5397"},"modified":"2022-04-12T20:10:12","modified_gmt":"2022-04-12T18:10:12","slug":"nou-exit-de-la-campanya-de-donacio-de-sang-2","status":"publish","type":"post","link":"https:\/\/agora.xtec.cat\/ceip-jrj\/general\/nou-exit-de-la-campanya-de-donacio-de-sang-2\/","title":{"rendered":"NOU \u00c8XIT DE LA CAMPANYA DE DONACI\u00d3 DE SANG"},"content":{"rendered":"<p><a href=\"https:\/\/agora.xtec.cat\/ceip-jrj\/general\/nou-exit-de-la-campanya-de-donacio-de-sang-2\/attachment\/agraiment-juan-ramon-jimenez\/\" rel=\"attachment wp-att-5409\"><img loading=\"lazy\" decoding=\"async\" class=\"alignnone size-full wp-image-5409\" src=\"https:\/\/agora.xtec.cat\/ceip-jrj\/wp-content\/uploads\/usu280\/2022\/04\/AGRAIMENT-JUAN-RAMON-JIMENEZ-e1649786662133.jpg\" alt=\"\" width=\"800\" height=\"565\" \/><\/a><\/p>\n<p>&nbsp;<\/p>\n<p><span style=\"font-weight: 400;\">La campanya solid\u00e0ria de donaci\u00f3 de sang ha estat una jornada de conscienciaci\u00f3 molt interessant.<\/span><\/p>\n<p><span style=\"font-weight: 400;\">Us expliquem com hem dut a terme el treball en el projecte.<\/span><\/p>\n<p><span style=\"font-weight: 400;\">Inicialment ens van venir a fer unes xerrades des del Banc de sang i teixits a l\u2019alumnat de cinqu\u00e8 sobre el tema de coneixement del medi natural referent a la sang, les seves c\u00e8l\u00b7lules i funcions en el nostre organisme. La Marta, t\u00e8cnica especialista del banc, ens va parlar molt sobre la import\u00e0ncia de que les persones entre 18 i 70 anys, que puguin, facin donacions per salvar vides. Ens va remarcar tamb\u00e9 les premisses i condicions per poder fer tals donacions.<\/span><\/p>\n<p><span style=\"font-weight: 400;\">Vam crear el logo i l\u2019esl\u00f2gan de la campanya <\/span><b>(Tens la gota vermella, que molts somien amb ella!) <\/b><span style=\"font-weight: 400;\">i vam fabricar unes xapes amb una m\u00e0quina amb l&#8217;ajuda de la Gemma, que han estat els obsequis que hem donat a tots i totes els donants.<\/span><\/p>\n<p><span style=\"font-weight: 400;\">Tot l\u2019alumnat de les dues classes de cinqu\u00e8 hem estat col\u00b7laborant de manera organitzada: hem repartit cartells per tot el municipi, hem fet difusi\u00f3 a trav\u00e9s de la r\u00e0dio i televisi\u00f3 de Martorell, hem acompanyat a totes les persones que han vingut a donar durant la donaci\u00f3 (els hi hem fet omplir un q\u00fcestionari inicial, els hi hem ofert refrigeri abans i despr\u00e9s, els hi hem donat un obsequi com a senyal d\u2019agra\u00efment a cada participant, hem portat el control del nombre de donacions mitjan\u00e7ant un marcador&#8230;) A posteriori farem un buidatge de les dades recollides amb les enquestes que ens han omplert durant la jornada solid\u00e0ria d&#8217;avui i en traurem conclusions.\u00a0<\/span><\/p>\n<p><span style=\"font-weight: 400;\">En definitiva, com sempre, ha estat un treball incre\u00efble i alhora molt emocionant!<\/span><\/p>\n<p><span style=\"font-weight: 400;\">Estem molt contents i contentes amb el resultat final; hem aconseguit 44<strong>\u00a0donacions<\/strong>!!<\/span><\/p>\n<p><span style=\"font-weight: 400;\">Agra\u00efm la participaci\u00f3 a totes les persones que han vingut amb la intenci\u00f3 de donar.\u00a0<\/span><\/p>\n<p><span style=\"font-weight: 400;\">Ens ha visitat una periodista de Martorell TV. Podeu veure el v\u00eddeo al seg\u00fcent enlla\u00e7: <a href=\"https:\/\/martorelltv.com\/?p=8382\">V\u00cdDEO<\/a><\/span><\/p>\n<p><span style=\"font-weight: 400;\">Per veure les fotos del treball realitzat clica a <a href=\"https:\/\/photos.app.goo.gl\/51KoKEySLPAcruZ49\">ARXIU FOTOGR\u00c0FIC.<\/a><\/span><\/p>\n","protected":false},"excerpt":{"rendered":"<p><a href=\"https:\/\/agora.xtec.cat\/ceip-jrj\/general\/nou-exit-de-la-campanya-de-donacio-de-sang-2\/attachment\/agraiment-juan-ramon-jimenez\/\" rel=\"attachment wp-att-5409\"><\/a><br \/>\n&nbsp;<br \/>\nLa campanya solid\u00e0ria de donaci\u00f3 de sang ha estat una jornada de conscienciaci\u00f3 molt interessant.<br \/>\nUs expliquem com hem dut a terme el treball en el projecte.<br \/>\nInicialment ens van venir a fer unes xerrades des del Banc de sang i teixits a l\u2019alumnat&hellip;  <a href=\"https:\/\/agora.xtec.cat\/ceip-jrj\/general\/nou-exit-de-la-campanya-de-donacio-de-sang-2\/\" title=\"Read NOU \u00c8XIT DE LA CAMPANYA DE DONACI\u00d3 DE SANG\">Llegeix m\u00e9s\u00bb<\/a><\/p>\n","protected":false},"author":14,"featured_media":5409,"comment_status":"closed","ping_status":"closed","sticky":false,"template":"","format":"standard","meta":{"_bbp_topic_count":0,"_bbp_reply_count":0,"_bbp_total_topic_count":0,"_bbp_total_reply_count":0,"_bbp_voice_count":0,"_bbp_anonymous_reply_count":0,"_bbp_topic_count_hidden":0,"_bbp_reply_count_hidden":0,"_bbp_forum_subforum_count":0,"footnotes":""},"categories":[1,4],"tags":[],"class_list":["post-5397","post","type-post","status-publish","format-standard","has-post-thumbnail","hentry","category-general","category-portada"],"post_mailing_queue_ids":[],"_links":{"self":[{"href":"https:\/\/agora.xtec.cat\/ceip-jrj\/wp-json\/wp\/v2\/posts\/5397","targetHints":{"allow":["GET"]}}],"collection":[{"href":"https:\/\/agora.xtec.cat\/ceip-jrj\/wp-json\/wp\/v2\/posts"}],"about":[{"href":"https:\/\/agora.xtec.cat\/ceip-jrj\/wp-json\/wp\/v2\/types\/post"}],"author":[{"embeddable":true,"href":"https:\/\/agora.xtec.cat\/ceip-jrj\/wp-json\/wp\/v2\/users\/14"}],"replies":[{"embeddable":true,"href":"https:\/\/agora.xtec.cat\/ceip-jrj\/wp-json\/wp\/v2\/comments?post=5397"}],"version-history":[{"count":4,"href":"https:\/\/agora.xtec.cat\/ceip-jrj\/wp-json\/wp\/v2\/posts\/5397\/revisions"}],"predecessor-version":[{"id":5410,"href":"https:\/\/agora.xtec.cat\/ceip-jrj\/wp-json\/wp\/v2\/posts\/5397\/revisions\/5410"}],"wp:featuredmedia":[{"embeddable":true,"href":"https:\/\/agora.xtec.cat\/ceip-jrj\/wp-json\/wp\/v2\/media\/5409"}],"wp:attachment":[{"href":"https:\/\/agora.xtec.cat\/ceip-jrj\/wp-json\/wp\/v2\/media?parent=5397"}],"wp:term":[{"taxonomy":"category","embeddable":true,"href":"https:\/\/agora.xtec.cat\/ceip-jrj\/wp-json\/wp\/v2\/categories?post=5397"},{"taxonomy":"post_tag","embeddable":true,"href":"https:\/\/agora.xtec.cat\/ceip-jrj\/wp-json\/wp\/v2\/tags?post=5397"}],"curies":[{"name":"wp","href":"https:\/\/api.w.org\/{rel}","templated":true}]}}