{"id":5394,"date":"2022-04-04T17:06:10","date_gmt":"2022-04-04T15:06:10","guid":{"rendered":"https:\/\/agora.xtec.cat\/ceip-jrj\/?p=5394"},"modified":"2022-04-04T17:06:10","modified_gmt":"2022-04-04T15:06:10","slug":"pujada-al-monestir-de-sant-genis-de-rocafort","status":"publish","type":"post","link":"https:\/\/agora.xtec.cat\/ceip-jrj\/general\/pujada-al-monestir-de-sant-genis-de-rocafort\/","title":{"rendered":"Pujada al monestir de Sant Gen\u00eds de Rocafort"},"content":{"rendered":"<p><span style=\"font-weight: 400;\">L\u2019alumnat de cinqu\u00e8 hem anat d\u2019excursi\u00f3 al monestir de Sant Gen\u00eds de Rocafort, 5\u00e8B dilluns passat i 5\u00e8A avui dilluns 4 d&#8217;abril, per tal de fer unes activitats interdisciplin\u00e0ries fora de les aules, des de l\u2019\u00e0rea de coneixement del medi natural, social i cultural en el <em>projecte d&#8217;innovaci\u00f3 Apadrinem el nostre patrimoni.<\/em> Ens ha acompanyat l&#8217;arque\u00f2leg i historiador Alfred Mauri, qui tamb\u00e9 \u00e9s investigador en centres d&#8217;estudis martorellencs.<\/span><\/p>\n<p><span style=\"font-weight: 400;\">Un cop hem arribat a dalt, ens ha explicat els diferents moments i fases en qu\u00e8 va passar el monestir: qui el va manar construir i el motiu, qui hi vivia, com va ser destru\u00eft, entre d\u2019altres coses, totes elles molt i molt interessants.\u00a0<\/span><\/p>\n<p><span style=\"font-weight: 400;\">Ens ha detallat la feina que han fet fins ara els arque\u00f2legs per arribar a trobar les diferents restes del monestir.<\/span><\/p>\n<p><span style=\"font-weight: 400;\">Han estat uns dies genials i ben segur que ens ha quedat un bon record de com van viure en aquella \u00e8poca els monjos del monestir i la gent del seu voltant.<\/span><\/p>\n<p>&nbsp;<\/p>\n<p>Per veure les fotos clica a: <a href=\"https:\/\/photos.app.goo.gl\/KQqabjfUCNy9Drsz7\">ARXIU FOTOGR\u00c0FIC<\/a><\/p>\n","protected":false},"excerpt":{"rendered":"<p>L\u2019alumnat de cinqu\u00e8 hem anat d\u2019excursi\u00f3 al monestir de Sant Gen\u00eds de Rocafort, 5\u00e8B dilluns passat i 5\u00e8A avui dilluns 4 d&#8217;abril, per tal de fer unes activitats interdisciplin\u00e0ries fora de les aules, des de l\u2019\u00e0rea de coneixement del medi natural, social i cultural en&hellip;  <a href=\"https:\/\/agora.xtec.cat\/ceip-jrj\/general\/pujada-al-monestir-de-sant-genis-de-rocafort\/\" title=\"Read Pujada al monestir de Sant Gen\u00eds de Rocafort\">Llegeix m\u00e9s\u00bb<\/a><\/p>\n","protected":false},"author":14,"featured_media":5395,"comment_status":"closed","ping_status":"closed","sticky":false,"template":"","format":"standard","meta":{"_bbp_topic_count":0,"_bbp_reply_count":0,"_bbp_total_topic_count":0,"_bbp_total_reply_count":0,"_bbp_voice_count":0,"_bbp_anonymous_reply_count":0,"_bbp_topic_count_hidden":0,"_bbp_reply_count_hidden":0,"_bbp_forum_subforum_count":0,"footnotes":""},"categories":[1,4],"tags":[],"class_list":["post-5394","post","type-post","status-publish","format-standard","has-post-thumbnail","hentry","category-general","category-portada"],"post_mailing_queue_ids":[],"_links":{"self":[{"href":"https:\/\/agora.xtec.cat\/ceip-jrj\/wp-json\/wp\/v2\/posts\/5394","targetHints":{"allow":["GET"]}}],"collection":[{"href":"https:\/\/agora.xtec.cat\/ceip-jrj\/wp-json\/wp\/v2\/posts"}],"about":[{"href":"https:\/\/agora.xtec.cat\/ceip-jrj\/wp-json\/wp\/v2\/types\/post"}],"author":[{"embeddable":true,"href":"https:\/\/agora.xtec.cat\/ceip-jrj\/wp-json\/wp\/v2\/users\/14"}],"replies":[{"embeddable":true,"href":"https:\/\/agora.xtec.cat\/ceip-jrj\/wp-json\/wp\/v2\/comments?post=5394"}],"version-history":[{"count":1,"href":"https:\/\/agora.xtec.cat\/ceip-jrj\/wp-json\/wp\/v2\/posts\/5394\/revisions"}],"predecessor-version":[{"id":5396,"href":"https:\/\/agora.xtec.cat\/ceip-jrj\/wp-json\/wp\/v2\/posts\/5394\/revisions\/5396"}],"wp:featuredmedia":[{"embeddable":true,"href":"https:\/\/agora.xtec.cat\/ceip-jrj\/wp-json\/wp\/v2\/media\/5395"}],"wp:attachment":[{"href":"https:\/\/agora.xtec.cat\/ceip-jrj\/wp-json\/wp\/v2\/media?parent=5394"}],"wp:term":[{"taxonomy":"category","embeddable":true,"href":"https:\/\/agora.xtec.cat\/ceip-jrj\/wp-json\/wp\/v2\/categories?post=5394"},{"taxonomy":"post_tag","embeddable":true,"href":"https:\/\/agora.xtec.cat\/ceip-jrj\/wp-json\/wp\/v2\/tags?post=5394"}],"curies":[{"name":"wp","href":"https:\/\/api.w.org\/{rel}","templated":true}]}}