{"id":5388,"date":"2022-04-01T12:48:22","date_gmt":"2022-04-01T10:48:22","guid":{"rendered":"https:\/\/agora.xtec.cat\/ceip-jrj\/?p=5388"},"modified":"2022-04-01T12:58:22","modified_gmt":"2022-04-01T10:58:22","slug":"el-riu-anoia-un-riu-industrial","status":"publish","type":"post","link":"https:\/\/agora.xtec.cat\/ceip-jrj\/general\/el-riu-anoia-un-riu-industrial\/","title":{"rendered":"El riu Anoia, un riu industrial"},"content":{"rendered":"<div dir=\"auto\">L&#8217;alumnat de 5\u00e8A hem baixat a l&#8217;afluent Anoia, i hem visitat el Mol\u00ed fariner i hem fet un taller experimental al riu.<\/div>\n<div dir=\"auto\">Inicialment, en Joan ens ha explicat que el mol\u00ed i la f\u00e0brica t\u00e8xtil funcionaven a trav\u00e9s de la for\u00e7a de l&#8217;aigua i les turbines, i hem pogut veure les originals; i a continuaci\u00f3 ens ha explicat que el riu Anoia \u00e9s un afluent, ja que no desemboca al mar, sin\u00f3 que empalma amb el riu Llobregat. Hi hem baixat i hem omplert una fitxa d&#8217;inspecci\u00f3 sobre el mateix i hem apr\u00e8s quines s\u00f3n les propietats de l&#8217;aigua i quines s\u00f3n les plantes i animals caracter\u00edstics del riu i de la ribera. Hem apr\u00e8s molt mitjan\u00e7ant l&#8217;observaci\u00f3, l&#8217;experimentaci\u00f3 i la manipulaci\u00f3.<\/div>\n<div dir=\"auto\">La classe de 5\u00e8B far\u00e0 el mateix taller el mes de maig.<\/div>\n<div dir=\"auto\"><\/div>\n<div dir=\"auto\">Per veure les fotografies clica a <a href=\"https:\/\/photos.app.goo.gl\/VHxrMfuBh7waHSqKA\">ARXIU FOTOGR\u00c0FIC<\/a>.<\/div>\n","protected":false},"excerpt":{"rendered":"<p>L&#8217;alumnat de 5\u00e8A hem baixat a l&#8217;afluent Anoia, i hem visitat el Mol\u00ed fariner i hem fet un taller experimental al riu.<br \/>\nInicialment, en Joan ens ha explicat que el mol\u00ed i la f\u00e0brica t\u00e8xtil funcionaven a trav\u00e9s de la for\u00e7a de l&#8217;aigua i les turbines,&hellip;  <a href=\"https:\/\/agora.xtec.cat\/ceip-jrj\/general\/el-riu-anoia-un-riu-industrial\/\" title=\"Read El riu Anoia, un riu industrial\">Llegeix m\u00e9s\u00bb<\/a><\/p>\n","protected":false},"author":14,"featured_media":5389,"comment_status":"closed","ping_status":"closed","sticky":false,"template":"","format":"standard","meta":{"_bbp_topic_count":0,"_bbp_reply_count":0,"_bbp_total_topic_count":0,"_bbp_total_reply_count":0,"_bbp_voice_count":0,"_bbp_anonymous_reply_count":0,"_bbp_topic_count_hidden":0,"_bbp_reply_count_hidden":0,"_bbp_forum_subforum_count":0,"footnotes":""},"categories":[1,4],"tags":[],"class_list":["post-5388","post","type-post","status-publish","format-standard","has-post-thumbnail","hentry","category-general","category-portada"],"post_mailing_queue_ids":[],"_links":{"self":[{"href":"https:\/\/agora.xtec.cat\/ceip-jrj\/wp-json\/wp\/v2\/posts\/5388","targetHints":{"allow":["GET"]}}],"collection":[{"href":"https:\/\/agora.xtec.cat\/ceip-jrj\/wp-json\/wp\/v2\/posts"}],"about":[{"href":"https:\/\/agora.xtec.cat\/ceip-jrj\/wp-json\/wp\/v2\/types\/post"}],"author":[{"embeddable":true,"href":"https:\/\/agora.xtec.cat\/ceip-jrj\/wp-json\/wp\/v2\/users\/14"}],"replies":[{"embeddable":true,"href":"https:\/\/agora.xtec.cat\/ceip-jrj\/wp-json\/wp\/v2\/comments?post=5388"}],"version-history":[{"count":3,"href":"https:\/\/agora.xtec.cat\/ceip-jrj\/wp-json\/wp\/v2\/posts\/5388\/revisions"}],"predecessor-version":[{"id":5393,"href":"https:\/\/agora.xtec.cat\/ceip-jrj\/wp-json\/wp\/v2\/posts\/5388\/revisions\/5393"}],"wp:featuredmedia":[{"embeddable":true,"href":"https:\/\/agora.xtec.cat\/ceip-jrj\/wp-json\/wp\/v2\/media\/5389"}],"wp:attachment":[{"href":"https:\/\/agora.xtec.cat\/ceip-jrj\/wp-json\/wp\/v2\/media?parent=5388"}],"wp:term":[{"taxonomy":"category","embeddable":true,"href":"https:\/\/agora.xtec.cat\/ceip-jrj\/wp-json\/wp\/v2\/categories?post=5388"},{"taxonomy":"post_tag","embeddable":true,"href":"https:\/\/agora.xtec.cat\/ceip-jrj\/wp-json\/wp\/v2\/tags?post=5388"}],"curies":[{"name":"wp","href":"https:\/\/api.w.org\/{rel}","templated":true}]}}